{"id":17962,"date":"2022-04-26T22:26:53","date_gmt":"2022-04-26T22:26:53","guid":{"rendered":"https:\/\/www.fisiohogar.com\/vendrell-calafell\/?p=17962"},"modified":"2022-04-26T22:51:13","modified_gmt":"2022-04-26T22:51:13","slug":"sindrome-del-tunel-del-tarso-tratamiento-de-fisioterapia","status":"publish","type":"post","link":"https:\/\/www.fisiohogar.com\/vendrell-calafell\/sindrome-del-tunel-del-tarso-tratamiento-de-fisioterapia\/","title":{"rendered":"S\u00edndrome del t\u00fanel del tarso &#8211; tratamiento de fisioterapia"},"content":{"rendered":"<p><span style=\"font-weight: 400;\">Con toda seguridad ha o\u00eddo hablar del s\u00edndrome del t\u00fanel del carpo, o t\u00fanel carpiano, localizado en la mu\u00f1eca. Son patolog\u00edas m\u00e1s comunes que las localizadas en el<strong> t\u00fanel del tarso<\/strong>, que se localiza en la cara interna del tobillo, justo detr\u00e1s del mal\u00e9olo tibial.<\/span><\/p>\n<p><span style=\"font-weight: 400;\">En el t\u00fanel del tarso discurren los tendones del m\u00fasculo flexor del pulgar, el tibial posterior, flexor largo de los dedos, arteria tibial posterior y nervio tibial posterior. Se trata de tendones protegidos por una vaina, pero en ocasiones, hay inflamaci\u00f3n que provoca compresi\u00f3n en la zona y puede discurrir con dolor, parestesias, calambres, sensaci\u00f3n de quemaz\u00f3n tanto local como hacia la planta del pie o anterior del pie. Si la compresi\u00f3n se produce en el nervio tibial en su paso por el t\u00fanel del tarso, se pueden desembocar s\u00edntomas neurop\u00e1ticos. <\/span><\/p>\n<p><span style=\"font-weight: 400;\">Todas estas estructuras est\u00e1n envueltas por el retin\u00e1culo del tarso, que es un ligamento que los mantiene en su zona anat\u00f3mica.<\/span><\/p>\n<h4><strong>Las causas, pueden ser:<\/strong><\/h4>\n<ol>\n<li><span style=\"font-weight: 400;\"> Traumatismo directo: ya sea sobre la zona que desembocar\u00e1 el dolor, o patolog\u00eda relacionada despu\u00e9s de una fractura<\/span><\/li>\n<li><span style=\"font-weight: 400;\"> Compresi\u00f3n en la cara interna por valgo del tobillo : tal y como se aprecia en la imagen<\/span><\/li>\n<li><span style=\"font-weight: 400;\"> Lesi\u00f3n del retin\u00e1culo: por ejemplo despu\u00e9s de un esguince en eversi\u00f3n, que provoque irritaci\u00f3n por sobremovilidad del paquete vasculo nervioso y tendinoso.<\/span><\/li>\n<\/ol>\n<h4><span style=\"font-weight: 400;\">Una vez se confirma que se trata de un caso tratable por fisioterapia, <strong>el tratamiento consiste en<\/strong>:<\/span><\/h4>\n<ul>\n<li style=\"font-weight: 400;\"><span style=\"font-weight: 400;\">Disminuci\u00f3n de la inflamaci\u00f3n mediante bombeos articulares, cinesiterapia&#8230; <\/span><\/li>\n<li style=\"font-weight: 400;\"><span style=\"font-weight: 400;\">Movilizaci\u00f3n neuromen\u00edngea, con la finalidad de liberar el nervio tibial posterior, y reducir as\u00ed los s\u00edntomas neurop\u00e1ticos.<\/span><\/li>\n<li style=\"font-weight: 400;\">Tratamiento de la musculatura afectada que puede verse alterada por la afectaci\u00f3n tendinosa.<\/li>\n<li style=\"font-weight: 400;\"><span style=\"font-weight: 400;\">T\u00e9cnicas de reposicionamiento postural que liberen presi\u00f3n con el uso de ejercicio terap\u00e9utico y prevenga una repetici\u00f3n del mecanismo que provoc\u00f3 la lesi\u00f3n. <\/span><\/li>\n<\/ul>\n<p><span style=\"font-weight: 400;\">Si el dolor persiste, se pueden aplicar infiltraciones que mitiguen el dolor. La opci\u00f3n quir\u00fargica se suele utilizar \u00fanicamente si el tratamiento conservador no ha dado lugar a resultados esperados. Este proceso se lleva a cabo sobre todo cuando el problema es por aumento de presi\u00f3n compartimental y no queda otra soluci\u00f3n.<\/span><\/p>\n","protected":false},"excerpt":{"rendered":"<p>Con toda seguridad ha o\u00eddo hablar del s\u00edndrome del t\u00fanel del carpo, o t\u00fanel carpiano, localizado en la mu\u00f1eca. Son patolog\u00edas m\u00e1s comunes que las localizadas en el t\u00fanel del tarso, que se localiza  [&#8230;]<\/p>\n","protected":false},"author":1,"featured_media":17987,"comment_status":"closed","ping_status":"closed","sticky":false,"template":"","format":"standard","meta":{"_joinchat":[],"footnotes":""},"categories":[23],"tags":[],"class_list":["post-17962","post","type-post","status-publish","format-standard","has-post-thumbnail","hentry","category-dolores-articulares-y-musculares"],"yoast_head":"<!-- This site is optimized with the Yoast SEO plugin v27.5 - https:\/\/yoast.com\/product\/yoast-seo-wordpress\/ -->\n<title>S\u00edndrome del t\u00fanel del tarso - tratamiento de fisioterapia - Tarragona y Reus<\/title>\n<meta name=\"robots\" content=\"index, follow, max-snippet:-1, max-image-preview:large, max-video-preview:-1\" \/>\n<link rel=\"canonical\" href=\"https:\/\/www.fisiohogar.com\/vendrell-calafell\/sindrome-del-tunel-del-tarso-tratamiento-de-fisioterapia\/\" \/>\n<meta property=\"og:locale\" content=\"es_ES\" \/>\n<meta property=\"og:type\" content=\"article\" \/>\n<meta property=\"og:title\" content=\"S\u00edndrome del t\u00fanel del tarso - tratamiento de fisioterapia - Tarragona y Reus\" \/>\n<meta property=\"og:description\" content=\"Con toda seguridad ha o\u00eddo hablar del s\u00edndrome del t\u00fanel del carpo, o t\u00fanel carpiano, localizado en la mu\u00f1eca. Son patolog\u00edas m\u00e1s comunes que las localizadas en el t\u00fanel del tarso, que se localiza [...]\" \/>\n<meta property=\"og:url\" content=\"https:\/\/www.fisiohogar.com\/vendrell-calafell\/sindrome-del-tunel-del-tarso-tratamiento-de-fisioterapia\/\" \/>\n<meta property=\"og:site_name\" content=\"Tarragona y Reus\" \/>\n<meta property=\"article:published_time\" content=\"2022-04-26T22:26:53+00:00\" \/>\n<meta property=\"article:modified_time\" content=\"2022-04-26T22:51:13+00:00\" \/>\n<meta property=\"og:image\" content=\"https:\/\/www.fisiohogar.com\/vendrell-calafell\/wp-content\/uploads\/sites\/26\/2022\/04\/tunel-tarsiano.jpg\" \/>\n\t<meta property=\"og:image:width\" content=\"700\" \/>\n\t<meta property=\"og:image:height\" content=\"436\" \/>\n\t<meta property=\"og:image:type\" content=\"image\/jpeg\" \/>\n<meta name=\"author\" content=\"Pablo Herrera Jim\u00e9nez\" \/>\n<meta name=\"twitter:card\" content=\"summary_large_image\" \/>\n<meta name=\"twitter:label1\" content=\"Escrito por\" \/>\n\t<meta name=\"twitter:data1\" content=\"Pablo Herrera Jim\u00e9nez\" \/>\n\t<meta name=\"twitter:label2\" content=\"Tiempo de lectura\" \/>\n\t<meta name=\"twitter:data2\" content=\"2 minutos\" \/>\n<script type=\"application\/ld+json\" class=\"yoast-schema-graph\">{\"@context\":\"https:\\\/\\\/schema.org\",\"@graph\":[{\"@type\":\"Article\",\"@id\":\"https:\\\/\\\/www.fisiohogar.com\\\/vendrell-calafell\\\/sindrome-del-tunel-del-tarso-tratamiento-de-fisioterapia\\\/#article\",\"isPartOf\":{\"@id\":\"https:\\\/\\\/www.fisiohogar.com\\\/vendrell-calafell\\\/sindrome-del-tunel-del-tarso-tratamiento-de-fisioterapia\\\/\"},\"author\":{\"name\":\"Pablo Herrera Jim\u00e9nez\",\"@id\":\"https:\\\/\\\/www.fisiohogar.com\\\/vendrell-calafell\\\/#\\\/schema\\\/person\\\/a509a45c4f66009466569e2e9b7f4d28\"},\"headline\":\"S\u00edndrome del t\u00fanel del tarso &#8211; tratamiento de fisioterapia\",\"datePublished\":\"2022-04-26T22:26:53+00:00\",\"dateModified\":\"2022-04-26T22:51:13+00:00\",\"mainEntityOfPage\":{\"@id\":\"https:\\\/\\\/www.fisiohogar.com\\\/vendrell-calafell\\\/sindrome-del-tunel-del-tarso-tratamiento-de-fisioterapia\\\/\"},\"wordCount\":406,\"image\":{\"@id\":\"https:\\\/\\\/www.fisiohogar.com\\\/vendrell-calafell\\\/sindrome-del-tunel-del-tarso-tratamiento-de-fisioterapia\\\/#primaryimage\"},\"thumbnailUrl\":\"https:\\\/\\\/www.fisiohogar.com\\\/vendrell-calafell\\\/wp-content\\\/uploads\\\/sites\\\/26\\\/2022\\\/04\\\/tunel-tarsiano.jpg\",\"articleSection\":[\"Dolores articulares y musculares\"],\"inLanguage\":\"es\"},{\"@type\":\"WebPage\",\"@id\":\"https:\\\/\\\/www.fisiohogar.com\\\/vendrell-calafell\\\/sindrome-del-tunel-del-tarso-tratamiento-de-fisioterapia\\\/\",\"url\":\"https:\\\/\\\/www.fisiohogar.com\\\/vendrell-calafell\\\/sindrome-del-tunel-del-tarso-tratamiento-de-fisioterapia\\\/\",\"name\":\"S\u00edndrome del t\u00fanel del tarso - tratamiento de fisioterapia - Tarragona y Reus\",\"isPartOf\":{\"@id\":\"https:\\\/\\\/www.fisiohogar.com\\\/vendrell-calafell\\\/#website\"},\"primaryImageOfPage\":{\"@id\":\"https:\\\/\\\/www.fisiohogar.com\\\/vendrell-calafell\\\/sindrome-del-tunel-del-tarso-tratamiento-de-fisioterapia\\\/#primaryimage\"},\"image\":{\"@id\":\"https:\\\/\\\/www.fisiohogar.com\\\/vendrell-calafell\\\/sindrome-del-tunel-del-tarso-tratamiento-de-fisioterapia\\\/#primaryimage\"},\"thumbnailUrl\":\"https:\\\/\\\/www.fisiohogar.com\\\/vendrell-calafell\\\/wp-content\\\/uploads\\\/sites\\\/26\\\/2022\\\/04\\\/tunel-tarsiano.jpg\",\"datePublished\":\"2022-04-26T22:26:53+00:00\",\"dateModified\":\"2022-04-26T22:51:13+00:00\",\"author\":{\"@id\":\"https:\\\/\\\/www.fisiohogar.com\\\/vendrell-calafell\\\/#\\\/schema\\\/person\\\/a509a45c4f66009466569e2e9b7f4d28\"},\"breadcrumb\":{\"@id\":\"https:\\\/\\\/www.fisiohogar.com\\\/vendrell-calafell\\\/sindrome-del-tunel-del-tarso-tratamiento-de-fisioterapia\\\/#breadcrumb\"},\"inLanguage\":\"es\",\"potentialAction\":[{\"@type\":\"ReadAction\",\"target\":[\"https:\\\/\\\/www.fisiohogar.com\\\/vendrell-calafell\\\/sindrome-del-tunel-del-tarso-tratamiento-de-fisioterapia\\\/\"]}]},{\"@type\":\"ImageObject\",\"inLanguage\":\"es\",\"@id\":\"https:\\\/\\\/www.fisiohogar.com\\\/vendrell-calafell\\\/sindrome-del-tunel-del-tarso-tratamiento-de-fisioterapia\\\/#primaryimage\",\"url\":\"https:\\\/\\\/www.fisiohogar.com\\\/vendrell-calafell\\\/wp-content\\\/uploads\\\/sites\\\/26\\\/2022\\\/04\\\/tunel-tarsiano.jpg\",\"contentUrl\":\"https:\\\/\\\/www.fisiohogar.com\\\/vendrell-calafell\\\/wp-content\\\/uploads\\\/sites\\\/26\\\/2022\\\/04\\\/tunel-tarsiano.jpg\",\"width\":700,\"height\":436},{\"@type\":\"BreadcrumbList\",\"@id\":\"https:\\\/\\\/www.fisiohogar.com\\\/vendrell-calafell\\\/sindrome-del-tunel-del-tarso-tratamiento-de-fisioterapia\\\/#breadcrumb\",\"itemListElement\":[{\"@type\":\"ListItem\",\"position\":1,\"name\":\"Portada\",\"item\":\"https:\\\/\\\/www.fisiohogar.com\\\/vendrell-calafell\\\/\"},{\"@type\":\"ListItem\",\"position\":2,\"name\":\"S\u00edndrome del t\u00fanel del tarso &#8211; tratamiento de fisioterapia\"}]},{\"@type\":\"WebSite\",\"@id\":\"https:\\\/\\\/www.fisiohogar.com\\\/vendrell-calafell\\\/#website\",\"url\":\"https:\\\/\\\/www.fisiohogar.com\\\/vendrell-calafell\\\/\",\"name\":\"Tarragona y Reus\",\"description\":\"Fisioterapia a domicilio noreste Tarragona y suroeste Barcelona\",\"potentialAction\":[{\"@type\":\"SearchAction\",\"target\":{\"@type\":\"EntryPoint\",\"urlTemplate\":\"https:\\\/\\\/www.fisiohogar.com\\\/vendrell-calafell\\\/?s={search_term_string}\"},\"query-input\":{\"@type\":\"PropertyValueSpecification\",\"valueRequired\":true,\"valueName\":\"search_term_string\"}}],\"inLanguage\":\"es\"},{\"@type\":\"Person\",\"@id\":\"https:\\\/\\\/www.fisiohogar.com\\\/vendrell-calafell\\\/#\\\/schema\\\/person\\\/a509a45c4f66009466569e2e9b7f4d28\",\"name\":\"Pablo Herrera Jim\u00e9nez\",\"image\":{\"@type\":\"ImageObject\",\"inLanguage\":\"es\",\"@id\":\"https:\\\/\\\/secure.gravatar.com\\\/avatar\\\/5e480b6f7fc4ed969317eb7170796c1002ba227115e9b0756ecc05394d63e73c?s=96&d=mm&r=g\",\"url\":\"https:\\\/\\\/secure.gravatar.com\\\/avatar\\\/5e480b6f7fc4ed969317eb7170796c1002ba227115e9b0756ecc05394d63e73c?s=96&d=mm&r=g\",\"contentUrl\":\"https:\\\/\\\/secure.gravatar.com\\\/avatar\\\/5e480b6f7fc4ed969317eb7170796c1002ba227115e9b0756ecc05394d63e73c?s=96&d=mm&r=g\",\"caption\":\"Pablo Herrera Jim\u00e9nez\"},\"description\":\"Colegiado n\u00ba 3.147 Fisioterapeuta y licenciado en Ciencias de la Actividad F\u00edsica y el Deporte por la Universidad Europea de Madrid. Vicedecano del Colegio de fisioterapeutas de la Comunidad de Madrid.\",\"sameAs\":[\"https:\\\/\\\/www.fisiohogar.com\"],\"url\":\"https:\\\/\\\/www.fisiohogar.com\\\/vendrell-calafell\\\/author\\\/fisioterapeuta-pablo-herrera-jimenez\\\/\"}]}<\/script>\n<!-- \/ Yoast SEO plugin. -->","yoast_head_json":{"title":"S\u00edndrome del t\u00fanel del tarso - tratamiento de fisioterapia - Tarragona y Reus","robots":{"index":"index","follow":"follow","max-snippet":"max-snippet:-1","max-image-preview":"max-image-preview:large","max-video-preview":"max-video-preview:-1"},"canonical":"https:\/\/www.fisiohogar.com\/vendrell-calafell\/sindrome-del-tunel-del-tarso-tratamiento-de-fisioterapia\/","og_locale":"es_ES","og_type":"article","og_title":"S\u00edndrome del t\u00fanel del tarso - tratamiento de fisioterapia - Tarragona y Reus","og_description":"Con toda seguridad ha o\u00eddo hablar del s\u00edndrome del t\u00fanel del carpo, o t\u00fanel carpiano, localizado en la mu\u00f1eca. Son patolog\u00edas m\u00e1s comunes que las localizadas en el t\u00fanel del tarso, que se localiza [...]","og_url":"https:\/\/www.fisiohogar.com\/vendrell-calafell\/sindrome-del-tunel-del-tarso-tratamiento-de-fisioterapia\/","og_site_name":"Tarragona y Reus","article_published_time":"2022-04-26T22:26:53+00:00","article_modified_time":"2022-04-26T22:51:13+00:00","og_image":[{"width":700,"height":436,"url":"https:\/\/www.fisiohogar.com\/vendrell-calafell\/wp-content\/uploads\/sites\/26\/2022\/04\/tunel-tarsiano.jpg","type":"image\/jpeg"}],"author":"Pablo Herrera Jim\u00e9nez","twitter_card":"summary_large_image","twitter_misc":{"Escrito por":"Pablo Herrera Jim\u00e9nez","Tiempo de lectura":"2 minutos"},"schema":{"@context":"https:\/\/schema.org","@graph":[{"@type":"Article","@id":"https:\/\/www.fisiohogar.com\/vendrell-calafell\/sindrome-del-tunel-del-tarso-tratamiento-de-fisioterapia\/#article","isPartOf":{"@id":"https:\/\/www.fisiohogar.com\/vendrell-calafell\/sindrome-del-tunel-del-tarso-tratamiento-de-fisioterapia\/"},"author":{"name":"Pablo Herrera Jim\u00e9nez","@id":"https:\/\/www.fisiohogar.com\/vendrell-calafell\/#\/schema\/person\/a509a45c4f66009466569e2e9b7f4d28"},"headline":"S\u00edndrome del t\u00fanel del tarso &#8211; tratamiento de fisioterapia","datePublished":"2022-04-26T22:26:53+00:00","dateModified":"2022-04-26T22:51:13+00:00","mainEntityOfPage":{"@id":"https:\/\/www.fisiohogar.com\/vendrell-calafell\/sindrome-del-tunel-del-tarso-tratamiento-de-fisioterapia\/"},"wordCount":406,"image":{"@id":"https:\/\/www.fisiohogar.com\/vendrell-calafell\/sindrome-del-tunel-del-tarso-tratamiento-de-fisioterapia\/#primaryimage"},"thumbnailUrl":"https:\/\/www.fisiohogar.com\/vendrell-calafell\/wp-content\/uploads\/sites\/26\/2022\/04\/tunel-tarsiano.jpg","articleSection":["Dolores articulares y musculares"],"inLanguage":"es"},{"@type":"WebPage","@id":"https:\/\/www.fisiohogar.com\/vendrell-calafell\/sindrome-del-tunel-del-tarso-tratamiento-de-fisioterapia\/","url":"https:\/\/www.fisiohogar.com\/vendrell-calafell\/sindrome-del-tunel-del-tarso-tratamiento-de-fisioterapia\/","name":"S\u00edndrome del t\u00fanel del tarso - tratamiento de fisioterapia - Tarragona y Reus","isPartOf":{"@id":"https:\/\/www.fisiohogar.com\/vendrell-calafell\/#website"},"primaryImageOfPage":{"@id":"https:\/\/www.fisiohogar.com\/vendrell-calafell\/sindrome-del-tunel-del-tarso-tratamiento-de-fisioterapia\/#primaryimage"},"image":{"@id":"https:\/\/www.fisiohogar.com\/vendrell-calafell\/sindrome-del-tunel-del-tarso-tratamiento-de-fisioterapia\/#primaryimage"},"thumbnailUrl":"https:\/\/www.fisiohogar.com\/vendrell-calafell\/wp-content\/uploads\/sites\/26\/2022\/04\/tunel-tarsiano.jpg","datePublished":"2022-04-26T22:26:53+00:00","dateModified":"2022-04-26T22:51:13+00:00","author":{"@id":"https:\/\/www.fisiohogar.com\/vendrell-calafell\/#\/schema\/person\/a509a45c4f66009466569e2e9b7f4d28"},"breadcrumb":{"@id":"https:\/\/www.fisiohogar.com\/vendrell-calafell\/sindrome-del-tunel-del-tarso-tratamiento-de-fisioterapia\/#breadcrumb"},"inLanguage":"es","potentialAction":[{"@type":"ReadAction","target":["https:\/\/www.fisiohogar.com\/vendrell-calafell\/sindrome-del-tunel-del-tarso-tratamiento-de-fisioterapia\/"]}]},{"@type":"ImageObject","inLanguage":"es","@id":"https:\/\/www.fisiohogar.com\/vendrell-calafell\/sindrome-del-tunel-del-tarso-tratamiento-de-fisioterapia\/#primaryimage","url":"https:\/\/www.fisiohogar.com\/vendrell-calafell\/wp-content\/uploads\/sites\/26\/2022\/04\/tunel-tarsiano.jpg","contentUrl":"https:\/\/www.fisiohogar.com\/vendrell-calafell\/wp-content\/uploads\/sites\/26\/2022\/04\/tunel-tarsiano.jpg","width":700,"height":436},{"@type":"BreadcrumbList","@id":"https:\/\/www.fisiohogar.com\/vendrell-calafell\/sindrome-del-tunel-del-tarso-tratamiento-de-fisioterapia\/#breadcrumb","itemListElement":[{"@type":"ListItem","position":1,"name":"Portada","item":"https:\/\/www.fisiohogar.com\/vendrell-calafell\/"},{"@type":"ListItem","position":2,"name":"S\u00edndrome del t\u00fanel del tarso &#8211; tratamiento de fisioterapia"}]},{"@type":"WebSite","@id":"https:\/\/www.fisiohogar.com\/vendrell-calafell\/#website","url":"https:\/\/www.fisiohogar.com\/vendrell-calafell\/","name":"Tarragona y Reus","description":"Fisioterapia a domicilio noreste Tarragona y suroeste Barcelona","potentialAction":[{"@type":"SearchAction","target":{"@type":"EntryPoint","urlTemplate":"https:\/\/www.fisiohogar.com\/vendrell-calafell\/?s={search_term_string}"},"query-input":{"@type":"PropertyValueSpecification","valueRequired":true,"valueName":"search_term_string"}}],"inLanguage":"es"},{"@type":"Person","@id":"https:\/\/www.fisiohogar.com\/vendrell-calafell\/#\/schema\/person\/a509a45c4f66009466569e2e9b7f4d28","name":"Pablo Herrera Jim\u00e9nez","image":{"@type":"ImageObject","inLanguage":"es","@id":"https:\/\/secure.gravatar.com\/avatar\/5e480b6f7fc4ed969317eb7170796c1002ba227115e9b0756ecc05394d63e73c?s=96&d=mm&r=g","url":"https:\/\/secure.gravatar.com\/avatar\/5e480b6f7fc4ed969317eb7170796c1002ba227115e9b0756ecc05394d63e73c?s=96&d=mm&r=g","contentUrl":"https:\/\/secure.gravatar.com\/avatar\/5e480b6f7fc4ed969317eb7170796c1002ba227115e9b0756ecc05394d63e73c?s=96&d=mm&r=g","caption":"Pablo Herrera Jim\u00e9nez"},"description":"Colegiado n\u00ba 3.147 Fisioterapeuta y licenciado en Ciencias de la Actividad F\u00edsica y el Deporte por la Universidad Europea de Madrid. Vicedecano del Colegio de fisioterapeutas de la Comunidad de Madrid.","sameAs":["https:\/\/www.fisiohogar.com"],"url":"https:\/\/www.fisiohogar.com\/vendrell-calafell\/author\/fisioterapeuta-pablo-herrera-jimenez\/"}]}},"_links":{"self":[{"href":"https:\/\/www.fisiohogar.com\/vendrell-calafell\/wp-json\/wp\/v2\/posts\/17962","targetHints":{"allow":["GET"]}}],"collection":[{"href":"https:\/\/www.fisiohogar.com\/vendrell-calafell\/wp-json\/wp\/v2\/posts"}],"about":[{"href":"https:\/\/www.fisiohogar.com\/vendrell-calafell\/wp-json\/wp\/v2\/types\/post"}],"author":[{"embeddable":true,"href":"https:\/\/www.fisiohogar.com\/vendrell-calafell\/wp-json\/wp\/v2\/users\/1"}],"replies":[{"embeddable":true,"href":"https:\/\/www.fisiohogar.com\/vendrell-calafell\/wp-json\/wp\/v2\/comments?post=17962"}],"version-history":[{"count":3,"href":"https:\/\/www.fisiohogar.com\/vendrell-calafell\/wp-json\/wp\/v2\/posts\/17962\/revisions"}],"predecessor-version":[{"id":17988,"href":"https:\/\/www.fisiohogar.com\/vendrell-calafell\/wp-json\/wp\/v2\/posts\/17962\/revisions\/17988"}],"wp:featuredmedia":[{"embeddable":true,"href":"https:\/\/www.fisiohogar.com\/vendrell-calafell\/wp-json\/wp\/v2\/media\/17987"}],"wp:attachment":[{"href":"https:\/\/www.fisiohogar.com\/vendrell-calafell\/wp-json\/wp\/v2\/media?parent=17962"}],"wp:term":[{"taxonomy":"category","embeddable":true,"href":"https:\/\/www.fisiohogar.com\/vendrell-calafell\/wp-json\/wp\/v2\/categories?post=17962"},{"taxonomy":"post_tag","embeddable":true,"href":"https:\/\/www.fisiohogar.com\/vendrell-calafell\/wp-json\/wp\/v2\/tags?post=17962"}],"curies":[{"name":"wp","href":"https:\/\/api.w.org\/{rel}","templated":true}]}}