{"id":565,"date":"2016-10-17T10:25:44","date_gmt":"2016-10-17T10:25:44","guid":{"rendered":"http:\/\/www.fisiohogar.com\/sansebastiandelosreyes\/?p=565"},"modified":"2019-07-10T18:52:36","modified_gmt":"2019-07-10T18:52:36","slug":"la-rehabilitacion-del-hombro","status":"publish","type":"post","link":"https:\/\/www.fisiohogar.com\/sansebastiandelosreyes\/la-rehabilitacion-del-hombro\/","title":{"rendered":"La rehabilitaci\u00f3n del hombro"},"content":{"rendered":"<h2>Anatom\u00eda del hombro<img decoding=\"async\" class=\"alignright  wp-image-567\" src=\"http:\/\/www.fisiohogar.com\/sansebastiandelosreyes\/wp-content\/uploads\/sites\/37\/2016\/10\/Fotolia_82823081_Subscription_Monthly_M-300x300.jpg\" alt=\"Anatom\u00eda del hombro\" width=\"341\" height=\"341\" srcset=\"https:\/\/www.fisiohogar.com\/sansebastiandelosreyes\/wp-content\/uploads\/sites\/37\/2016\/10\/Fotolia_82823081_Subscription_Monthly_M-49x49.jpg 49w, https:\/\/www.fisiohogar.com\/sansebastiandelosreyes\/wp-content\/uploads\/sites\/37\/2016\/10\/Fotolia_82823081_Subscription_Monthly_M-150x150.jpg 150w, https:\/\/www.fisiohogar.com\/sansebastiandelosreyes\/wp-content\/uploads\/sites\/37\/2016\/10\/Fotolia_82823081_Subscription_Monthly_M-300x300.jpg 300w, https:\/\/www.fisiohogar.com\/sansebastiandelosreyes\/wp-content\/uploads\/sites\/37\/2016\/10\/Fotolia_82823081_Subscription_Monthly_M-768x768.jpg 768w, https:\/\/www.fisiohogar.com\/sansebastiandelosreyes\/wp-content\/uploads\/sites\/37\/2016\/10\/Fotolia_82823081_Subscription_Monthly_M-940x940.jpg 940w, https:\/\/www.fisiohogar.com\/sansebastiandelosreyes\/wp-content\/uploads\/sites\/37\/2016\/10\/Fotolia_82823081_Subscription_Monthly_M-1024x1024.jpg 1024w, https:\/\/www.fisiohogar.com\/sansebastiandelosreyes\/wp-content\/uploads\/sites\/37\/2016\/10\/Fotolia_82823081_Subscription_Monthly_M.jpg 1378w\" sizes=\"(max-width: 341px) 100vw, 341px\" \/><\/h2>\n<p><span style=\"font-weight: 400;\">Llamamos \u201chombro\u201d a la zona de la articulaci\u00f3n que une nuestros miembros superiores al tronco. Es una de las articulaciones m\u00e1s complejas de nuestra anatom\u00eda por varias razones; la conforman dos articulaciones: la gleno-humeral (h\u00famero y esc\u00e1pula), y la \u00a0acromio-clavicular (clav\u00edcula y esc\u00e1pula), posee el mayor rango de movilidad en todos los planos, lo que la hace \u00a0m\u00e1s inestable y depender de la integridad de las estructuras blandas (tendones, ligamentos y c\u00e1psula) para su correcto funcionamiento. <\/span><\/p>\n<p><span style=\"font-weight: 400;\"> Es una de las articulaciones que m\u00e1s lesiones suele presentar, independientemente de nuestro trabajo o edad, pues es la que m\u00e1s empleamos y sometemos a esfuerzos \u00a0continuos a lo largo de nuestro d\u00eda.<\/span><\/p>\n<h2>\u00bfQu\u00e9 patolog\u00edas sufre?<\/h2>\n<p><span style=\"font-weight: 400;\">Hemos o\u00eddo algunas veces que las afecciones del hombro suelen ser dif\u00edciles y raras veces quedan bien, y en ocasiones se le ense\u00f1a al paciente a resignarse y aceptar cierta limitaci\u00f3n. En nuestra experiencia eso no siempre es as\u00ed, pues con un tratamiento de fisioterapia adecuado, la recuperaci\u00f3n puede ser total; tenemos \u00a0antecedentes de pacientes tratados con excelente recuperaci\u00f3n funcional. <\/span><\/p>\n<p><span style=\"font-weight: 400;\"> Entre \u00a0las afecciones de las estructuras blandas de la articulaci\u00f3n responsable de las limitaciones funcionales en el hombro est\u00e1n: <\/span><i><span style=\"font-weight: 400;\">La<\/span><\/i> <i><span style=\"font-weight: 400;\">patolog\u00eda capsular, y la patolog\u00eda tendinosa. <\/span><\/i><span style=\"font-weight: 400;\">En todos los casos aparece el dolor, inflamaci\u00f3n en grados diversos, limitaci\u00f3n en los movimientos articulares y atrofia muscular. Dentro de estas patolog\u00edas tenemos la siguiente clasificaci\u00f3n:<\/span><\/p>\n<p>&nbsp;<\/p>\n<ol>\n<li><b>Hombro doloroso simple: <span style=\"font-weight: 400;\">el dolor de mediana intensidad aparece a ciertos movimientos bien precisos del brazo, y a veces de noche, cuando el paciente se acuesta sobre el hombro afectado. La p\u00e9rdida de movilidad es reducida. Las afecciones responsables suelen ser <\/span><span style=\"font-weight: 400;\">tendinitis de los m\u00fasculos del manguito, tenosinovitis de la porci\u00f3n larga del b\u00edceps y bursitis.<\/span><\/b><\/li>\n<li><strong>Hombro agudo hiper\u00e1lgico<\/strong>: <span style=\"font-weight: 400;\">es una periartritis debida casi siempre a una <\/span><span style=\"font-weight: 400;\">tendinitis calcificante<\/span><span style=\"font-weight: 400;\">, ya sea por crisis inflamatoria o por migraci\u00f3n de elementos calcificados. El dolor es intenso y se irradia hacia el miembro superior, con signos inflamatorios importantes e impotencia funcional total por el dolor.<\/span><\/li>\n<li><strong>Hombro pseudoparal\u00edtico<\/strong>:<span style=\"font-weight: 400;\"> es el<\/span><span style=\"font-weight: 400;\"> desgarramiento<\/span><span style=\"font-weight: 400;\"> parcial o total de los m\u00fasculos del <\/span><span style=\"font-weight: 400;\">manguito rotador<\/span><span style=\"font-weight: 400;\">. Esto conlleva a la dificultad o p\u00e9rdida total de la movilidad activa del hombro. La causa puede ser traum\u00e1tica brusca o por micro-traumatismos reiterados.<\/span><\/li>\n<li><strong>Hombro bloqueado:<\/strong> <span style=\"font-weight: 400;\">aqu\u00ed agrupamos a las capsulitis retractiles y al <\/span><span style=\"font-weight: 400;\">hombro congelado<\/span><span style=\"font-weight: 400;\">. Se trata en la mayor\u00eda de los casos de s\u00edndromes por Distrofias Reflejas localizadas en el hombro.<\/span><\/li>\n<\/ol>\n<p><b><\/b><b><\/b><b><\/b><\/p>\n<p>&nbsp;<\/p>\n<h2>\u00bfla fisioterapia puede ayudar?<\/h2>\n<p><span style=\"font-weight: 400;\">Cada una de estas afecciones del hombro tiene un tratamiento espec\u00edfico \u00a0en Fisioterapia, cuyos objetivos ser\u00e1n \u00a0eliminar el dolor e inflamaci\u00f3n presentes, recuperar el rango de movilidad articular normal, la fuerza muscular y que el paciente pueda realizar sus actividades cotidianas sin limitaciones. \u00a0El conocimiento por parte de un Fisioterapeuta preparado de la anatom\u00eda y la kinesiolog\u00eda de la articulaci\u00f3n del hombro te garantiza que las pautas de ejercicios y movilizaciones te ayudar\u00e1n a tu recuperaci\u00f3n.<\/span><\/p>\n<p><span style=\"font-weight: 400;\">Si sufres alguno de estos problemas <a href=\"http:\/\/www.fisiohogar.com\/sansebastiandelosreyes\/contacta-ahora\/\">cont\u00e1ctanos,<\/a> un fisioterapeuta formado y con experiencia te ayudar\u00e1 para que puedas volver a tu actividad normal \u00a0sin dolores y limitaciones.<\/span><\/p>\n","protected":false},"excerpt":{"rendered":"<p>Anatom\u00eda del hombro Llamamos \u201chombro\u201d a la zona de la articulaci\u00f3n que une nuestros miembros superiores al tronco. Es una de las articulaciones m\u00e1s complejas de nuestra anatom\u00eda por varias razones; la conforman dos  [&#8230;]<\/p>\n","protected":false},"author":22,"featured_media":566,"comment_status":"open","ping_status":"closed","sticky":false,"template":"","format":"standard","meta":{"_joinchat":[],"footnotes":""},"categories":[6],"tags":[],"class_list":["post-565","post","type-post","status-publish","format-standard","has-post-thumbnail","hentry","category-dolores-articulares-y-musculares"],"yoast_head":"<!-- This site is optimized with the Yoast SEO plugin v27.4 - https:\/\/yoast.com\/product\/yoast-seo-wordpress\/ -->\n<title>La rehabilitaci\u00f3n del hombro - San Sebasti\u00e1n de los Reyes<\/title>\n<meta name=\"robots\" content=\"index, follow, max-snippet:-1, max-image-preview:large, max-video-preview:-1\" \/>\n<link rel=\"canonical\" href=\"https:\/\/www.fisiohogar.com\/sansebastiandelosreyes\/la-rehabilitacion-del-hombro\/\" \/>\n<meta property=\"og:locale\" content=\"es_ES\" \/>\n<meta property=\"og:type\" content=\"article\" \/>\n<meta property=\"og:title\" content=\"La rehabilitaci\u00f3n del hombro - San Sebasti\u00e1n de los Reyes\" \/>\n<meta property=\"og:description\" content=\"Anatom\u00eda del hombro Llamamos \u201chombro\u201d a la zona de la articulaci\u00f3n que une nuestros miembros superiores al tronco. Es una de las articulaciones m\u00e1s complejas de nuestra anatom\u00eda por varias razones; la conforman dos [...]\" \/>\n<meta property=\"og:url\" content=\"https:\/\/www.fisiohogar.com\/sansebastiandelosreyes\/la-rehabilitacion-del-hombro\/\" \/>\n<meta property=\"og:site_name\" content=\"San Sebasti\u00e1n de los Reyes\" \/>\n<meta property=\"article:published_time\" content=\"2016-10-17T10:25:44+00:00\" \/>\n<meta property=\"article:modified_time\" content=\"2019-07-10T18:52:36+00:00\" \/>\n<meta property=\"og:image\" content=\"https:\/\/www.fisiohogar.com\/sansebastiandelosreyes\/wp-content\/uploads\/sites\/37\/2016\/10\/Fotolia_40383432_Subscription_Monthly_M-1.jpg\" \/>\n\t<meta property=\"og:image:width\" content=\"1688\" \/>\n\t<meta property=\"og:image:height\" content=\"1125\" \/>\n\t<meta property=\"og:image:type\" content=\"image\/jpeg\" \/>\n<meta name=\"author\" content=\"Tibisay Rodr\u00edguez G\u00f3mez\" \/>\n<meta name=\"twitter:card\" content=\"summary_large_image\" \/>\n<meta name=\"twitter:label1\" content=\"Escrito por\" \/>\n\t<meta name=\"twitter:data1\" content=\"Tibisay Rodr\u00edguez G\u00f3mez\" \/>\n\t<meta name=\"twitter:label2\" content=\"Tiempo de lectura\" \/>\n\t<meta name=\"twitter:data2\" content=\"3 minutos\" \/>\n<script type=\"application\/ld+json\" class=\"yoast-schema-graph\">{\"@context\":\"https:\\\/\\\/schema.org\",\"@graph\":[{\"@type\":\"Article\",\"@id\":\"https:\\\/\\\/www.fisiohogar.com\\\/sansebastiandelosreyes\\\/la-rehabilitacion-del-hombro\\\/#article\",\"isPartOf\":{\"@id\":\"https:\\\/\\\/www.fisiohogar.com\\\/sansebastiandelosreyes\\\/la-rehabilitacion-del-hombro\\\/\"},\"author\":{\"name\":\"Tibisay Rodr\u00edguez G\u00f3mez\",\"@id\":\"https:\\\/\\\/www.fisiohogar.com\\\/sansebastiandelosreyes\\\/#\\\/schema\\\/person\\\/24e01197e8cea00e64cbf72bb6907d65\"},\"headline\":\"La rehabilitaci\u00f3n del hombro\",\"datePublished\":\"2016-10-17T10:25:44+00:00\",\"dateModified\":\"2019-07-10T18:52:36+00:00\",\"mainEntityOfPage\":{\"@id\":\"https:\\\/\\\/www.fisiohogar.com\\\/sansebastiandelosreyes\\\/la-rehabilitacion-del-hombro\\\/\"},\"wordCount\":560,\"commentCount\":0,\"image\":{\"@id\":\"https:\\\/\\\/www.fisiohogar.com\\\/sansebastiandelosreyes\\\/la-rehabilitacion-del-hombro\\\/#primaryimage\"},\"thumbnailUrl\":\"https:\\\/\\\/www.fisiohogar.com\\\/sansebastiandelosreyes\\\/wp-content\\\/uploads\\\/sites\\\/37\\\/2016\\\/10\\\/Fotolia_40383432_Subscription_Monthly_M-1.jpg\",\"articleSection\":[\"Dolores articulares y musculares\"],\"inLanguage\":\"es\",\"potentialAction\":[{\"@type\":\"CommentAction\",\"name\":\"Comment\",\"target\":[\"https:\\\/\\\/www.fisiohogar.com\\\/sansebastiandelosreyes\\\/la-rehabilitacion-del-hombro\\\/#respond\"]}]},{\"@type\":\"WebPage\",\"@id\":\"https:\\\/\\\/www.fisiohogar.com\\\/sansebastiandelosreyes\\\/la-rehabilitacion-del-hombro\\\/\",\"url\":\"https:\\\/\\\/www.fisiohogar.com\\\/sansebastiandelosreyes\\\/la-rehabilitacion-del-hombro\\\/\",\"name\":\"La rehabilitaci\u00f3n del hombro - San Sebasti\u00e1n de los Reyes\",\"isPartOf\":{\"@id\":\"https:\\\/\\\/www.fisiohogar.com\\\/sansebastiandelosreyes\\\/#website\"},\"primaryImageOfPage\":{\"@id\":\"https:\\\/\\\/www.fisiohogar.com\\\/sansebastiandelosreyes\\\/la-rehabilitacion-del-hombro\\\/#primaryimage\"},\"image\":{\"@id\":\"https:\\\/\\\/www.fisiohogar.com\\\/sansebastiandelosreyes\\\/la-rehabilitacion-del-hombro\\\/#primaryimage\"},\"thumbnailUrl\":\"https:\\\/\\\/www.fisiohogar.com\\\/sansebastiandelosreyes\\\/wp-content\\\/uploads\\\/sites\\\/37\\\/2016\\\/10\\\/Fotolia_40383432_Subscription_Monthly_M-1.jpg\",\"datePublished\":\"2016-10-17T10:25:44+00:00\",\"dateModified\":\"2019-07-10T18:52:36+00:00\",\"author\":{\"@id\":\"https:\\\/\\\/www.fisiohogar.com\\\/sansebastiandelosreyes\\\/#\\\/schema\\\/person\\\/24e01197e8cea00e64cbf72bb6907d65\"},\"breadcrumb\":{\"@id\":\"https:\\\/\\\/www.fisiohogar.com\\\/sansebastiandelosreyes\\\/la-rehabilitacion-del-hombro\\\/#breadcrumb\"},\"inLanguage\":\"es\",\"potentialAction\":[{\"@type\":\"ReadAction\",\"target\":[\"https:\\\/\\\/www.fisiohogar.com\\\/sansebastiandelosreyes\\\/la-rehabilitacion-del-hombro\\\/\"]}]},{\"@type\":\"ImageObject\",\"inLanguage\":\"es\",\"@id\":\"https:\\\/\\\/www.fisiohogar.com\\\/sansebastiandelosreyes\\\/la-rehabilitacion-del-hombro\\\/#primaryimage\",\"url\":\"https:\\\/\\\/www.fisiohogar.com\\\/sansebastiandelosreyes\\\/wp-content\\\/uploads\\\/sites\\\/37\\\/2016\\\/10\\\/Fotolia_40383432_Subscription_Monthly_M-1.jpg\",\"contentUrl\":\"https:\\\/\\\/www.fisiohogar.com\\\/sansebastiandelosreyes\\\/wp-content\\\/uploads\\\/sites\\\/37\\\/2016\\\/10\\\/Fotolia_40383432_Subscription_Monthly_M-1.jpg\",\"width\":1688,\"height\":1125},{\"@type\":\"BreadcrumbList\",\"@id\":\"https:\\\/\\\/www.fisiohogar.com\\\/sansebastiandelosreyes\\\/la-rehabilitacion-del-hombro\\\/#breadcrumb\",\"itemListElement\":[{\"@type\":\"ListItem\",\"position\":1,\"name\":\"Portada\",\"item\":\"https:\\\/\\\/www.fisiohogar.com\\\/sansebastiandelosreyes\\\/\"},{\"@type\":\"ListItem\",\"position\":2,\"name\":\"La rehabilitaci\u00f3n del hombro\"}]},{\"@type\":\"WebSite\",\"@id\":\"https:\\\/\\\/www.fisiohogar.com\\\/sansebastiandelosreyes\\\/#website\",\"url\":\"https:\\\/\\\/www.fisiohogar.com\\\/sansebastiandelosreyes\\\/\",\"name\":\"San Sebasti\u00e1n de los Reyes\",\"description\":\"Fisioterapia a domicilio\",\"potentialAction\":[{\"@type\":\"SearchAction\",\"target\":{\"@type\":\"EntryPoint\",\"urlTemplate\":\"https:\\\/\\\/www.fisiohogar.com\\\/sansebastiandelosreyes\\\/?s={search_term_string}\"},\"query-input\":{\"@type\":\"PropertyValueSpecification\",\"valueRequired\":true,\"valueName\":\"search_term_string\"}}],\"inLanguage\":\"es\"},{\"@type\":\"Person\",\"@id\":\"https:\\\/\\\/www.fisiohogar.com\\\/sansebastiandelosreyes\\\/#\\\/schema\\\/person\\\/24e01197e8cea00e64cbf72bb6907d65\",\"name\":\"Tibisay Rodr\u00edguez G\u00f3mez\",\"image\":{\"@type\":\"ImageObject\",\"inLanguage\":\"es\",\"@id\":\"https:\\\/\\\/secure.gravatar.com\\\/avatar\\\/cd43c31a1ea5d5cd22e291ecc18559cf4d2326084439a3b358f2e1cb734b8ef7?s=96&d=mm&r=g\",\"url\":\"https:\\\/\\\/secure.gravatar.com\\\/avatar\\\/cd43c31a1ea5d5cd22e291ecc18559cf4d2326084439a3b358f2e1cb734b8ef7?s=96&d=mm&r=g\",\"contentUrl\":\"https:\\\/\\\/secure.gravatar.com\\\/avatar\\\/cd43c31a1ea5d5cd22e291ecc18559cf4d2326084439a3b358f2e1cb734b8ef7?s=96&d=mm&r=g\",\"caption\":\"Tibisay Rodr\u00edguez G\u00f3mez\"},\"description\":\"Colegiada n\u00ba 6055 Diplomada en fisioterapia en la Universidad central de Venezuela, Caracas\",\"url\":\"https:\\\/\\\/www.fisiohogar.com\\\/sansebastiandelosreyes\\\/author\\\/fisioterapeuta-tibisay-rodriguez-gomez\\\/\"}]}<\/script>\n<!-- \/ Yoast SEO plugin. -->","yoast_head_json":{"title":"La rehabilitaci\u00f3n del hombro - San Sebasti\u00e1n de los Reyes","robots":{"index":"index","follow":"follow","max-snippet":"max-snippet:-1","max-image-preview":"max-image-preview:large","max-video-preview":"max-video-preview:-1"},"canonical":"https:\/\/www.fisiohogar.com\/sansebastiandelosreyes\/la-rehabilitacion-del-hombro\/","og_locale":"es_ES","og_type":"article","og_title":"La rehabilitaci\u00f3n del hombro - San Sebasti\u00e1n de los Reyes","og_description":"Anatom\u00eda del hombro Llamamos \u201chombro\u201d a la zona de la articulaci\u00f3n que une nuestros miembros superiores al tronco. Es una de las articulaciones m\u00e1s complejas de nuestra anatom\u00eda por varias razones; la conforman dos [...]","og_url":"https:\/\/www.fisiohogar.com\/sansebastiandelosreyes\/la-rehabilitacion-del-hombro\/","og_site_name":"San Sebasti\u00e1n de los Reyes","article_published_time":"2016-10-17T10:25:44+00:00","article_modified_time":"2019-07-10T18:52:36+00:00","og_image":[{"width":1688,"height":1125,"url":"https:\/\/www.fisiohogar.com\/sansebastiandelosreyes\/wp-content\/uploads\/sites\/37\/2016\/10\/Fotolia_40383432_Subscription_Monthly_M-1.jpg","type":"image\/jpeg"}],"author":"Tibisay Rodr\u00edguez G\u00f3mez","twitter_card":"summary_large_image","twitter_misc":{"Escrito por":"Tibisay Rodr\u00edguez G\u00f3mez","Tiempo de lectura":"3 minutos"},"schema":{"@context":"https:\/\/schema.org","@graph":[{"@type":"Article","@id":"https:\/\/www.fisiohogar.com\/sansebastiandelosreyes\/la-rehabilitacion-del-hombro\/#article","isPartOf":{"@id":"https:\/\/www.fisiohogar.com\/sansebastiandelosreyes\/la-rehabilitacion-del-hombro\/"},"author":{"name":"Tibisay Rodr\u00edguez G\u00f3mez","@id":"https:\/\/www.fisiohogar.com\/sansebastiandelosreyes\/#\/schema\/person\/24e01197e8cea00e64cbf72bb6907d65"},"headline":"La rehabilitaci\u00f3n del hombro","datePublished":"2016-10-17T10:25:44+00:00","dateModified":"2019-07-10T18:52:36+00:00","mainEntityOfPage":{"@id":"https:\/\/www.fisiohogar.com\/sansebastiandelosreyes\/la-rehabilitacion-del-hombro\/"},"wordCount":560,"commentCount":0,"image":{"@id":"https:\/\/www.fisiohogar.com\/sansebastiandelosreyes\/la-rehabilitacion-del-hombro\/#primaryimage"},"thumbnailUrl":"https:\/\/www.fisiohogar.com\/sansebastiandelosreyes\/wp-content\/uploads\/sites\/37\/2016\/10\/Fotolia_40383432_Subscription_Monthly_M-1.jpg","articleSection":["Dolores articulares y musculares"],"inLanguage":"es","potentialAction":[{"@type":"CommentAction","name":"Comment","target":["https:\/\/www.fisiohogar.com\/sansebastiandelosreyes\/la-rehabilitacion-del-hombro\/#respond"]}]},{"@type":"WebPage","@id":"https:\/\/www.fisiohogar.com\/sansebastiandelosreyes\/la-rehabilitacion-del-hombro\/","url":"https:\/\/www.fisiohogar.com\/sansebastiandelosreyes\/la-rehabilitacion-del-hombro\/","name":"La rehabilitaci\u00f3n del hombro - San Sebasti\u00e1n de los Reyes","isPartOf":{"@id":"https:\/\/www.fisiohogar.com\/sansebastiandelosreyes\/#website"},"primaryImageOfPage":{"@id":"https:\/\/www.fisiohogar.com\/sansebastiandelosreyes\/la-rehabilitacion-del-hombro\/#primaryimage"},"image":{"@id":"https:\/\/www.fisiohogar.com\/sansebastiandelosreyes\/la-rehabilitacion-del-hombro\/#primaryimage"},"thumbnailUrl":"https:\/\/www.fisiohogar.com\/sansebastiandelosreyes\/wp-content\/uploads\/sites\/37\/2016\/10\/Fotolia_40383432_Subscription_Monthly_M-1.jpg","datePublished":"2016-10-17T10:25:44+00:00","dateModified":"2019-07-10T18:52:36+00:00","author":{"@id":"https:\/\/www.fisiohogar.com\/sansebastiandelosreyes\/#\/schema\/person\/24e01197e8cea00e64cbf72bb6907d65"},"breadcrumb":{"@id":"https:\/\/www.fisiohogar.com\/sansebastiandelosreyes\/la-rehabilitacion-del-hombro\/#breadcrumb"},"inLanguage":"es","potentialAction":[{"@type":"ReadAction","target":["https:\/\/www.fisiohogar.com\/sansebastiandelosreyes\/la-rehabilitacion-del-hombro\/"]}]},{"@type":"ImageObject","inLanguage":"es","@id":"https:\/\/www.fisiohogar.com\/sansebastiandelosreyes\/la-rehabilitacion-del-hombro\/#primaryimage","url":"https:\/\/www.fisiohogar.com\/sansebastiandelosreyes\/wp-content\/uploads\/sites\/37\/2016\/10\/Fotolia_40383432_Subscription_Monthly_M-1.jpg","contentUrl":"https:\/\/www.fisiohogar.com\/sansebastiandelosreyes\/wp-content\/uploads\/sites\/37\/2016\/10\/Fotolia_40383432_Subscription_Monthly_M-1.jpg","width":1688,"height":1125},{"@type":"BreadcrumbList","@id":"https:\/\/www.fisiohogar.com\/sansebastiandelosreyes\/la-rehabilitacion-del-hombro\/#breadcrumb","itemListElement":[{"@type":"ListItem","position":1,"name":"Portada","item":"https:\/\/www.fisiohogar.com\/sansebastiandelosreyes\/"},{"@type":"ListItem","position":2,"name":"La rehabilitaci\u00f3n del hombro"}]},{"@type":"WebSite","@id":"https:\/\/www.fisiohogar.com\/sansebastiandelosreyes\/#website","url":"https:\/\/www.fisiohogar.com\/sansebastiandelosreyes\/","name":"San Sebasti\u00e1n de los Reyes","description":"Fisioterapia a domicilio","potentialAction":[{"@type":"SearchAction","target":{"@type":"EntryPoint","urlTemplate":"https:\/\/www.fisiohogar.com\/sansebastiandelosreyes\/?s={search_term_string}"},"query-input":{"@type":"PropertyValueSpecification","valueRequired":true,"valueName":"search_term_string"}}],"inLanguage":"es"},{"@type":"Person","@id":"https:\/\/www.fisiohogar.com\/sansebastiandelosreyes\/#\/schema\/person\/24e01197e8cea00e64cbf72bb6907d65","name":"Tibisay Rodr\u00edguez G\u00f3mez","image":{"@type":"ImageObject","inLanguage":"es","@id":"https:\/\/secure.gravatar.com\/avatar\/cd43c31a1ea5d5cd22e291ecc18559cf4d2326084439a3b358f2e1cb734b8ef7?s=96&d=mm&r=g","url":"https:\/\/secure.gravatar.com\/avatar\/cd43c31a1ea5d5cd22e291ecc18559cf4d2326084439a3b358f2e1cb734b8ef7?s=96&d=mm&r=g","contentUrl":"https:\/\/secure.gravatar.com\/avatar\/cd43c31a1ea5d5cd22e291ecc18559cf4d2326084439a3b358f2e1cb734b8ef7?s=96&d=mm&r=g","caption":"Tibisay Rodr\u00edguez G\u00f3mez"},"description":"Colegiada n\u00ba 6055 Diplomada en fisioterapia en la Universidad central de Venezuela, Caracas","url":"https:\/\/www.fisiohogar.com\/sansebastiandelosreyes\/author\/fisioterapeuta-tibisay-rodriguez-gomez\/"}]}},"_links":{"self":[{"href":"https:\/\/www.fisiohogar.com\/sansebastiandelosreyes\/wp-json\/wp\/v2\/posts\/565","targetHints":{"allow":["GET"]}}],"collection":[{"href":"https:\/\/www.fisiohogar.com\/sansebastiandelosreyes\/wp-json\/wp\/v2\/posts"}],"about":[{"href":"https:\/\/www.fisiohogar.com\/sansebastiandelosreyes\/wp-json\/wp\/v2\/types\/post"}],"author":[{"embeddable":true,"href":"https:\/\/www.fisiohogar.com\/sansebastiandelosreyes\/wp-json\/wp\/v2\/users\/22"}],"replies":[{"embeddable":true,"href":"https:\/\/www.fisiohogar.com\/sansebastiandelosreyes\/wp-json\/wp\/v2\/comments?post=565"}],"version-history":[{"count":0,"href":"https:\/\/www.fisiohogar.com\/sansebastiandelosreyes\/wp-json\/wp\/v2\/posts\/565\/revisions"}],"wp:featuredmedia":[{"embeddable":true,"href":"https:\/\/www.fisiohogar.com\/sansebastiandelosreyes\/wp-json\/wp\/v2\/media\/566"}],"wp:attachment":[{"href":"https:\/\/www.fisiohogar.com\/sansebastiandelosreyes\/wp-json\/wp\/v2\/media?parent=565"}],"wp:term":[{"taxonomy":"category","embeddable":true,"href":"https:\/\/www.fisiohogar.com\/sansebastiandelosreyes\/wp-json\/wp\/v2\/categories?post=565"},{"taxonomy":"post_tag","embeddable":true,"href":"https:\/\/www.fisiohogar.com\/sansebastiandelosreyes\/wp-json\/wp\/v2\/tags?post=565"}],"curies":[{"name":"wp","href":"https:\/\/api.w.org\/{rel}","templated":true}]}}