{"id":541,"date":"2017-05-31T08:10:47","date_gmt":"2017-05-31T08:10:47","guid":{"rendered":"http:\/\/www.fisiohogar.com\/segovia\/?p=541"},"modified":"2023-05-27T12:15:12","modified_gmt":"2023-05-27T12:15:12","slug":"la-fisioterapia-la-enfermedad-pulmonar-obstructiva-cronica-epoc","status":"publish","type":"post","link":"https:\/\/www.fisiohogar.com\/gijon\/la-fisioterapia-la-enfermedad-pulmonar-obstructiva-cronica-epoc\/","title":{"rendered":"La fisioterapia en la enfermedad pulmonar obstructiva cr\u00f3nica (EPOC)"},"content":{"rendered":"<p><span style=\"font-weight: 400;\">Como su propio nombre indica, la EPOC es una enfermedad cr\u00f3nica e irreversible del aparato respiratorio, se caracteriza por una obstrucci\u00f3n de las v\u00edas respiratorias. Como consecuencia se produce una limitaci\u00f3n del paso del aire, es decir, una dificultad para respirar dando como resultado disnea. Es la enfermedad respiratoria de mayor prevalencia en nuestra sociedad y que tiene una gran repercusi\u00f3n en la calidad de vida del paciente.<\/span><\/p>\n<h4><span style=\"font-weight: 400;\">Dentro de la EPOC encontramos dos enfermedades fundamentalmente:<\/span><\/h4>\n<p><span style=\"font-weight: 400;\">&#8211;<\/span><span style=\"font-weight: 400;\"> \u00a0\u00a0\u00a0\u00a0\u00a0\u00a0\u00a0\u00a0\u00a0<\/span><span style=\"font-weight: 400;\">El enfisema: se produce por un agrandamiento de los bronquiolos e incluso la destrucci\u00f3n de la pared de los alveolos, esto se traduce en una p\u00e9rdida de la elasticidad del pulm\u00f3n.<\/span><\/p>\n<p><span style=\"font-weight: 400;\">&#8211;<\/span><span style=\"font-weight: 400;\"> \u00a0\u00a0\u00a0\u00a0\u00a0\u00a0\u00a0\u00a0\u00a0<\/span><span style=\"font-weight: 400;\">La bronquitis cr\u00f3nica: esta se define como una tos cr\u00f3nica o recurrente por un m\u00ednimo de 3 meses al a\u00f1o y al menos durante 2 a\u00f1os consecutivos, causada por una inflamaci\u00f3n de los bronquios. Se caracteriza por un producci\u00f3n excesiva de moco, presentando tos y expectoraci\u00f3n.<\/span><\/p>\n<p>&nbsp;<\/p>\n<p><span style=\"font-weight: 400;\">Existen una seria de factores de riesgo que pueden ser causantes de esta enfermedad: tabaquismo, contaminaci\u00f3n del aire y profesiones en las que hay una exposici\u00f3n a ambientes con polvo. Adem\u00e1s existen unos factores gen\u00e9ticos que hacen que esta enfermedad tenga cierto car\u00e1cter hereditario.<\/span><\/p>\n<p>&nbsp;<\/p>\n<p><span style=\"font-weight: 400;\">La EPOC se caracteriza por los siguientes s\u00edntomas: tos cr\u00f3nica (con o sin expectoraci\u00f3n), disnea progresiva, infecciones respiratorias recurrentes, intolerancia al ejercicio por fatiga, sibilancias o \u201cpitos\u201d al respirar y p\u00e9rdida de masa muscular. Todos estos s\u00edntomas tienen como consecuencia una disminuci\u00f3n de la calidad de vida de los pacientes, pudiendo \u00a0dejar de ser aut\u00f3nomos dependiendo del grado de gravedad de la enfermedad.<\/span><\/p>\n<p>&nbsp;<\/p>\n<p><span style=\"font-weight: 400;\">A trav\u00e9s de la fisioterapia respiratoria, podemos mejorar la sintomatolog\u00eda de la EPOC: mejoramos ventilaci\u00f3n pulmonar y corregimos el patr\u00f3n respiratorio, ayuda a drenar las secreciones (sacar el exceso de moco de las v\u00edas a\u00e9reas), potenciamos la musculatura respiratoria, readaptaci\u00f3n al esfuerzo y al ejercicio, y mejora la calidad de vida del paciente, disminuyendo las complicaciones y los ingresos hospitalarios.<\/span><\/p>\n<p><span style=\"font-weight: 400;\">El estudio llevado a cabo por Resqueti et al. concluy\u00f3 un programa de rehabilitaci\u00f3n respiratoria a domicilio en pacientes con diagn\u00f3stico de EPOC grave-muy grave y alta incapacidad funcional aporta beneficios en la calidad de vida relacionada con la salud y la capacidad de ejercicio, que puede mantenerse hasta los 6 meses.<\/span><\/p>\n","protected":false},"excerpt":{"rendered":"<p>Como su propio nombre indica, la EPOC es una enfermedad cr\u00f3nica e irreversible del aparato respiratorio, se caracteriza por una obstrucci\u00f3n de las v\u00edas respiratorias. Como consecuencia se produce una limitaci\u00f3n del paso del  [&#8230;]<\/p>\n","protected":false},"author":1,"featured_media":18418,"comment_status":"open","ping_status":"closed","sticky":false,"template":"","format":"standard","meta":{"_joinchat":[],"footnotes":""},"categories":[73],"tags":[],"class_list":["post-541","post","type-post","status-publish","format-standard","has-post-thumbnail","hentry","category-fisioterapia-respiratoria"],"yoast_head":"<!-- This site is optimized with the Yoast SEO plugin v27.4 - https:\/\/yoast.com\/product\/yoast-seo-wordpress\/ -->\n<title>La fisioterapia en la enfermedad pulmonar obstructiva cr\u00f3nica (EPOC) - Gij\u00f3n<\/title>\n<meta name=\"robots\" content=\"index, follow, max-snippet:-1, max-image-preview:large, max-video-preview:-1\" \/>\n<link rel=\"canonical\" href=\"https:\/\/www.fisiohogar.com\/gijon\/la-fisioterapia-la-enfermedad-pulmonar-obstructiva-cronica-epoc\/\" \/>\n<meta property=\"og:locale\" content=\"es_ES\" \/>\n<meta property=\"og:type\" content=\"article\" \/>\n<meta property=\"og:title\" content=\"La fisioterapia en la enfermedad pulmonar obstructiva cr\u00f3nica (EPOC) - Gij\u00f3n\" \/>\n<meta property=\"og:description\" content=\"Como su propio nombre indica, la EPOC es una enfermedad cr\u00f3nica e irreversible del aparato respiratorio, se caracteriza por una obstrucci\u00f3n de las v\u00edas respiratorias. Como consecuencia se produce una limitaci\u00f3n del paso del [...]\" \/>\n<meta property=\"og:url\" content=\"https:\/\/www.fisiohogar.com\/gijon\/la-fisioterapia-la-enfermedad-pulmonar-obstructiva-cronica-epoc\/\" \/>\n<meta property=\"og:site_name\" content=\"Gij\u00f3n\" \/>\n<meta property=\"article:published_time\" content=\"2017-05-31T08:10:47+00:00\" \/>\n<meta property=\"article:modified_time\" content=\"2023-05-27T12:15:12+00:00\" \/>\n<meta property=\"og:image\" content=\"https:\/\/www.fisiohogar.com\/gijon\/wp-content\/uploads\/sites\/38\/2017\/05\/fisioterapia-respiratoria.jpeg\" \/>\n\t<meta property=\"og:image:width\" content=\"2254\" \/>\n\t<meta property=\"og:image:height\" content=\"1500\" \/>\n\t<meta property=\"og:image:type\" content=\"image\/jpeg\" \/>\n<meta name=\"author\" content=\"Pablo Herrera Jim\u00e9nez\" \/>\n<meta name=\"twitter:card\" content=\"summary_large_image\" \/>\n<meta name=\"twitter:label1\" content=\"Escrito por\" \/>\n\t<meta name=\"twitter:data1\" content=\"Pablo Herrera Jim\u00e9nez\" \/>\n\t<meta name=\"twitter:label2\" content=\"Tiempo de lectura\" \/>\n\t<meta name=\"twitter:data2\" content=\"2 minutos\" \/>\n<script type=\"application\/ld+json\" class=\"yoast-schema-graph\">{\"@context\":\"https:\\\/\\\/schema.org\",\"@graph\":[{\"@type\":\"Article\",\"@id\":\"https:\\\/\\\/www.fisiohogar.com\\\/gijon\\\/la-fisioterapia-la-enfermedad-pulmonar-obstructiva-cronica-epoc\\\/#article\",\"isPartOf\":{\"@id\":\"https:\\\/\\\/www.fisiohogar.com\\\/gijon\\\/la-fisioterapia-la-enfermedad-pulmonar-obstructiva-cronica-epoc\\\/\"},\"author\":{\"name\":\"Pablo Herrera Jim\u00e9nez\",\"@id\":\"https:\\\/\\\/www.fisiohogar.com\\\/gijon\\\/#\\\/schema\\\/person\\\/a509a45c4f66009466569e2e9b7f4d28\"},\"headline\":\"La fisioterapia en la enfermedad pulmonar obstructiva cr\u00f3nica (EPOC)\",\"datePublished\":\"2017-05-31T08:10:47+00:00\",\"dateModified\":\"2023-05-27T12:15:12+00:00\",\"mainEntityOfPage\":{\"@id\":\"https:\\\/\\\/www.fisiohogar.com\\\/gijon\\\/la-fisioterapia-la-enfermedad-pulmonar-obstructiva-cronica-epoc\\\/\"},\"wordCount\":421,\"commentCount\":1,\"image\":{\"@id\":\"https:\\\/\\\/www.fisiohogar.com\\\/gijon\\\/la-fisioterapia-la-enfermedad-pulmonar-obstructiva-cronica-epoc\\\/#primaryimage\"},\"thumbnailUrl\":\"https:\\\/\\\/www.fisiohogar.com\\\/gijon\\\/wp-content\\\/uploads\\\/sites\\\/38\\\/2017\\\/05\\\/fisioterapia-respiratoria.jpeg\",\"articleSection\":[\"Fisioterapia respiratoria\"],\"inLanguage\":\"es\",\"potentialAction\":[{\"@type\":\"CommentAction\",\"name\":\"Comment\",\"target\":[\"https:\\\/\\\/www.fisiohogar.com\\\/gijon\\\/la-fisioterapia-la-enfermedad-pulmonar-obstructiva-cronica-epoc\\\/#respond\"]}]},{\"@type\":\"WebPage\",\"@id\":\"https:\\\/\\\/www.fisiohogar.com\\\/gijon\\\/la-fisioterapia-la-enfermedad-pulmonar-obstructiva-cronica-epoc\\\/\",\"url\":\"https:\\\/\\\/www.fisiohogar.com\\\/gijon\\\/la-fisioterapia-la-enfermedad-pulmonar-obstructiva-cronica-epoc\\\/\",\"name\":\"La fisioterapia en la enfermedad pulmonar obstructiva cr\u00f3nica (EPOC) - Gij\u00f3n\",\"isPartOf\":{\"@id\":\"https:\\\/\\\/www.fisiohogar.com\\\/gijon\\\/#website\"},\"primaryImageOfPage\":{\"@id\":\"https:\\\/\\\/www.fisiohogar.com\\\/gijon\\\/la-fisioterapia-la-enfermedad-pulmonar-obstructiva-cronica-epoc\\\/#primaryimage\"},\"image\":{\"@id\":\"https:\\\/\\\/www.fisiohogar.com\\\/gijon\\\/la-fisioterapia-la-enfermedad-pulmonar-obstructiva-cronica-epoc\\\/#primaryimage\"},\"thumbnailUrl\":\"https:\\\/\\\/www.fisiohogar.com\\\/gijon\\\/wp-content\\\/uploads\\\/sites\\\/38\\\/2017\\\/05\\\/fisioterapia-respiratoria.jpeg\",\"datePublished\":\"2017-05-31T08:10:47+00:00\",\"dateModified\":\"2023-05-27T12:15:12+00:00\",\"author\":{\"@id\":\"https:\\\/\\\/www.fisiohogar.com\\\/gijon\\\/#\\\/schema\\\/person\\\/a509a45c4f66009466569e2e9b7f4d28\"},\"breadcrumb\":{\"@id\":\"https:\\\/\\\/www.fisiohogar.com\\\/gijon\\\/la-fisioterapia-la-enfermedad-pulmonar-obstructiva-cronica-epoc\\\/#breadcrumb\"},\"inLanguage\":\"es\",\"potentialAction\":[{\"@type\":\"ReadAction\",\"target\":[\"https:\\\/\\\/www.fisiohogar.com\\\/gijon\\\/la-fisioterapia-la-enfermedad-pulmonar-obstructiva-cronica-epoc\\\/\"]}]},{\"@type\":\"ImageObject\",\"inLanguage\":\"es\",\"@id\":\"https:\\\/\\\/www.fisiohogar.com\\\/gijon\\\/la-fisioterapia-la-enfermedad-pulmonar-obstructiva-cronica-epoc\\\/#primaryimage\",\"url\":\"https:\\\/\\\/www.fisiohogar.com\\\/gijon\\\/wp-content\\\/uploads\\\/sites\\\/38\\\/2017\\\/05\\\/fisioterapia-respiratoria.jpeg\",\"contentUrl\":\"https:\\\/\\\/www.fisiohogar.com\\\/gijon\\\/wp-content\\\/uploads\\\/sites\\\/38\\\/2017\\\/05\\\/fisioterapia-respiratoria.jpeg\",\"width\":2254,\"height\":1500},{\"@type\":\"BreadcrumbList\",\"@id\":\"https:\\\/\\\/www.fisiohogar.com\\\/gijon\\\/la-fisioterapia-la-enfermedad-pulmonar-obstructiva-cronica-epoc\\\/#breadcrumb\",\"itemListElement\":[{\"@type\":\"ListItem\",\"position\":1,\"name\":\"Portada\",\"item\":\"https:\\\/\\\/www.fisiohogar.com\\\/gijon\\\/\"},{\"@type\":\"ListItem\",\"position\":2,\"name\":\"La fisioterapia en la enfermedad pulmonar obstructiva cr\u00f3nica (EPOC)\"}]},{\"@type\":\"WebSite\",\"@id\":\"https:\\\/\\\/www.fisiohogar.com\\\/gijon\\\/#website\",\"url\":\"https:\\\/\\\/www.fisiohogar.com\\\/gijon\\\/\",\"name\":\"Gij\u00f3n\",\"description\":\"Fisioterapia a domicilio Gij\u00f3n\",\"potentialAction\":[{\"@type\":\"SearchAction\",\"target\":{\"@type\":\"EntryPoint\",\"urlTemplate\":\"https:\\\/\\\/www.fisiohogar.com\\\/gijon\\\/?s={search_term_string}\"},\"query-input\":{\"@type\":\"PropertyValueSpecification\",\"valueRequired\":true,\"valueName\":\"search_term_string\"}}],\"inLanguage\":\"es\"},{\"@type\":\"Person\",\"@id\":\"https:\\\/\\\/www.fisiohogar.com\\\/gijon\\\/#\\\/schema\\\/person\\\/a509a45c4f66009466569e2e9b7f4d28\",\"name\":\"Pablo Herrera Jim\u00e9nez\",\"image\":{\"@type\":\"ImageObject\",\"inLanguage\":\"es\",\"@id\":\"https:\\\/\\\/secure.gravatar.com\\\/avatar\\\/5e480b6f7fc4ed969317eb7170796c1002ba227115e9b0756ecc05394d63e73c?s=96&d=mm&r=g\",\"url\":\"https:\\\/\\\/secure.gravatar.com\\\/avatar\\\/5e480b6f7fc4ed969317eb7170796c1002ba227115e9b0756ecc05394d63e73c?s=96&d=mm&r=g\",\"contentUrl\":\"https:\\\/\\\/secure.gravatar.com\\\/avatar\\\/5e480b6f7fc4ed969317eb7170796c1002ba227115e9b0756ecc05394d63e73c?s=96&d=mm&r=g\",\"caption\":\"Pablo Herrera Jim\u00e9nez\"},\"description\":\"Colegiado n\u00ba 3.147 Fisioterapeuta y licenciado en Ciencias de la Actividad F\u00edsica y el Deporte por la Universidad Europea de Madrid. Vicedecano del Colegio de fisioterapeutas de la Comunidad de Madrid.\",\"sameAs\":[\"https:\\\/\\\/www.fisiohogar.com\"],\"url\":\"https:\\\/\\\/www.fisiohogar.com\\\/gijon\\\/author\\\/fisioterapeuta-pablo-herrera-jimenez\\\/\"}]}<\/script>\n<!-- \/ Yoast SEO plugin. -->","yoast_head_json":{"title":"La fisioterapia en la enfermedad pulmonar obstructiva cr\u00f3nica (EPOC) - Gij\u00f3n","robots":{"index":"index","follow":"follow","max-snippet":"max-snippet:-1","max-image-preview":"max-image-preview:large","max-video-preview":"max-video-preview:-1"},"canonical":"https:\/\/www.fisiohogar.com\/gijon\/la-fisioterapia-la-enfermedad-pulmonar-obstructiva-cronica-epoc\/","og_locale":"es_ES","og_type":"article","og_title":"La fisioterapia en la enfermedad pulmonar obstructiva cr\u00f3nica (EPOC) - Gij\u00f3n","og_description":"Como su propio nombre indica, la EPOC es una enfermedad cr\u00f3nica e irreversible del aparato respiratorio, se caracteriza por una obstrucci\u00f3n de las v\u00edas respiratorias. Como consecuencia se produce una limitaci\u00f3n del paso del [...]","og_url":"https:\/\/www.fisiohogar.com\/gijon\/la-fisioterapia-la-enfermedad-pulmonar-obstructiva-cronica-epoc\/","og_site_name":"Gij\u00f3n","article_published_time":"2017-05-31T08:10:47+00:00","article_modified_time":"2023-05-27T12:15:12+00:00","og_image":[{"width":2254,"height":1500,"url":"https:\/\/www.fisiohogar.com\/gijon\/wp-content\/uploads\/sites\/38\/2017\/05\/fisioterapia-respiratoria.jpeg","type":"image\/jpeg"}],"author":"Pablo Herrera Jim\u00e9nez","twitter_card":"summary_large_image","twitter_misc":{"Escrito por":"Pablo Herrera Jim\u00e9nez","Tiempo de lectura":"2 minutos"},"schema":{"@context":"https:\/\/schema.org","@graph":[{"@type":"Article","@id":"https:\/\/www.fisiohogar.com\/gijon\/la-fisioterapia-la-enfermedad-pulmonar-obstructiva-cronica-epoc\/#article","isPartOf":{"@id":"https:\/\/www.fisiohogar.com\/gijon\/la-fisioterapia-la-enfermedad-pulmonar-obstructiva-cronica-epoc\/"},"author":{"name":"Pablo Herrera Jim\u00e9nez","@id":"https:\/\/www.fisiohogar.com\/gijon\/#\/schema\/person\/a509a45c4f66009466569e2e9b7f4d28"},"headline":"La fisioterapia en la enfermedad pulmonar obstructiva cr\u00f3nica (EPOC)","datePublished":"2017-05-31T08:10:47+00:00","dateModified":"2023-05-27T12:15:12+00:00","mainEntityOfPage":{"@id":"https:\/\/www.fisiohogar.com\/gijon\/la-fisioterapia-la-enfermedad-pulmonar-obstructiva-cronica-epoc\/"},"wordCount":421,"commentCount":1,"image":{"@id":"https:\/\/www.fisiohogar.com\/gijon\/la-fisioterapia-la-enfermedad-pulmonar-obstructiva-cronica-epoc\/#primaryimage"},"thumbnailUrl":"https:\/\/www.fisiohogar.com\/gijon\/wp-content\/uploads\/sites\/38\/2017\/05\/fisioterapia-respiratoria.jpeg","articleSection":["Fisioterapia respiratoria"],"inLanguage":"es","potentialAction":[{"@type":"CommentAction","name":"Comment","target":["https:\/\/www.fisiohogar.com\/gijon\/la-fisioterapia-la-enfermedad-pulmonar-obstructiva-cronica-epoc\/#respond"]}]},{"@type":"WebPage","@id":"https:\/\/www.fisiohogar.com\/gijon\/la-fisioterapia-la-enfermedad-pulmonar-obstructiva-cronica-epoc\/","url":"https:\/\/www.fisiohogar.com\/gijon\/la-fisioterapia-la-enfermedad-pulmonar-obstructiva-cronica-epoc\/","name":"La fisioterapia en la enfermedad pulmonar obstructiva cr\u00f3nica (EPOC) - Gij\u00f3n","isPartOf":{"@id":"https:\/\/www.fisiohogar.com\/gijon\/#website"},"primaryImageOfPage":{"@id":"https:\/\/www.fisiohogar.com\/gijon\/la-fisioterapia-la-enfermedad-pulmonar-obstructiva-cronica-epoc\/#primaryimage"},"image":{"@id":"https:\/\/www.fisiohogar.com\/gijon\/la-fisioterapia-la-enfermedad-pulmonar-obstructiva-cronica-epoc\/#primaryimage"},"thumbnailUrl":"https:\/\/www.fisiohogar.com\/gijon\/wp-content\/uploads\/sites\/38\/2017\/05\/fisioterapia-respiratoria.jpeg","datePublished":"2017-05-31T08:10:47+00:00","dateModified":"2023-05-27T12:15:12+00:00","author":{"@id":"https:\/\/www.fisiohogar.com\/gijon\/#\/schema\/person\/a509a45c4f66009466569e2e9b7f4d28"},"breadcrumb":{"@id":"https:\/\/www.fisiohogar.com\/gijon\/la-fisioterapia-la-enfermedad-pulmonar-obstructiva-cronica-epoc\/#breadcrumb"},"inLanguage":"es","potentialAction":[{"@type":"ReadAction","target":["https:\/\/www.fisiohogar.com\/gijon\/la-fisioterapia-la-enfermedad-pulmonar-obstructiva-cronica-epoc\/"]}]},{"@type":"ImageObject","inLanguage":"es","@id":"https:\/\/www.fisiohogar.com\/gijon\/la-fisioterapia-la-enfermedad-pulmonar-obstructiva-cronica-epoc\/#primaryimage","url":"https:\/\/www.fisiohogar.com\/gijon\/wp-content\/uploads\/sites\/38\/2017\/05\/fisioterapia-respiratoria.jpeg","contentUrl":"https:\/\/www.fisiohogar.com\/gijon\/wp-content\/uploads\/sites\/38\/2017\/05\/fisioterapia-respiratoria.jpeg","width":2254,"height":1500},{"@type":"BreadcrumbList","@id":"https:\/\/www.fisiohogar.com\/gijon\/la-fisioterapia-la-enfermedad-pulmonar-obstructiva-cronica-epoc\/#breadcrumb","itemListElement":[{"@type":"ListItem","position":1,"name":"Portada","item":"https:\/\/www.fisiohogar.com\/gijon\/"},{"@type":"ListItem","position":2,"name":"La fisioterapia en la enfermedad pulmonar obstructiva cr\u00f3nica (EPOC)"}]},{"@type":"WebSite","@id":"https:\/\/www.fisiohogar.com\/gijon\/#website","url":"https:\/\/www.fisiohogar.com\/gijon\/","name":"Gij\u00f3n","description":"Fisioterapia a domicilio Gij\u00f3n","potentialAction":[{"@type":"SearchAction","target":{"@type":"EntryPoint","urlTemplate":"https:\/\/www.fisiohogar.com\/gijon\/?s={search_term_string}"},"query-input":{"@type":"PropertyValueSpecification","valueRequired":true,"valueName":"search_term_string"}}],"inLanguage":"es"},{"@type":"Person","@id":"https:\/\/www.fisiohogar.com\/gijon\/#\/schema\/person\/a509a45c4f66009466569e2e9b7f4d28","name":"Pablo Herrera Jim\u00e9nez","image":{"@type":"ImageObject","inLanguage":"es","@id":"https:\/\/secure.gravatar.com\/avatar\/5e480b6f7fc4ed969317eb7170796c1002ba227115e9b0756ecc05394d63e73c?s=96&d=mm&r=g","url":"https:\/\/secure.gravatar.com\/avatar\/5e480b6f7fc4ed969317eb7170796c1002ba227115e9b0756ecc05394d63e73c?s=96&d=mm&r=g","contentUrl":"https:\/\/secure.gravatar.com\/avatar\/5e480b6f7fc4ed969317eb7170796c1002ba227115e9b0756ecc05394d63e73c?s=96&d=mm&r=g","caption":"Pablo Herrera Jim\u00e9nez"},"description":"Colegiado n\u00ba 3.147 Fisioterapeuta y licenciado en Ciencias de la Actividad F\u00edsica y el Deporte por la Universidad Europea de Madrid. Vicedecano del Colegio de fisioterapeutas de la Comunidad de Madrid.","sameAs":["https:\/\/www.fisiohogar.com"],"url":"https:\/\/www.fisiohogar.com\/gijon\/author\/fisioterapeuta-pablo-herrera-jimenez\/"}]}},"_links":{"self":[{"href":"https:\/\/www.fisiohogar.com\/gijon\/wp-json\/wp\/v2\/posts\/541","targetHints":{"allow":["GET"]}}],"collection":[{"href":"https:\/\/www.fisiohogar.com\/gijon\/wp-json\/wp\/v2\/posts"}],"about":[{"href":"https:\/\/www.fisiohogar.com\/gijon\/wp-json\/wp\/v2\/types\/post"}],"author":[{"embeddable":true,"href":"https:\/\/www.fisiohogar.com\/gijon\/wp-json\/wp\/v2\/users\/1"}],"replies":[{"embeddable":true,"href":"https:\/\/www.fisiohogar.com\/gijon\/wp-json\/wp\/v2\/comments?post=541"}],"version-history":[{"count":1,"href":"https:\/\/www.fisiohogar.com\/gijon\/wp-json\/wp\/v2\/posts\/541\/revisions"}],"predecessor-version":[{"id":18419,"href":"https:\/\/www.fisiohogar.com\/gijon\/wp-json\/wp\/v2\/posts\/541\/revisions\/18419"}],"wp:featuredmedia":[{"embeddable":true,"href":"https:\/\/www.fisiohogar.com\/gijon\/wp-json\/wp\/v2\/media\/18418"}],"wp:attachment":[{"href":"https:\/\/www.fisiohogar.com\/gijon\/wp-json\/wp\/v2\/media?parent=541"}],"wp:term":[{"taxonomy":"category","embeddable":true,"href":"https:\/\/www.fisiohogar.com\/gijon\/wp-json\/wp\/v2\/categories?post=541"},{"taxonomy":"post_tag","embeddable":true,"href":"https:\/\/www.fisiohogar.com\/gijon\/wp-json\/wp\/v2\/tags?post=541"}],"curies":[{"name":"wp","href":"https:\/\/api.w.org\/{rel}","templated":true}]}}