{"id":878,"date":"2017-04-17T11:38:33","date_gmt":"2017-04-17T11:38:33","guid":{"rendered":"http:\/\/www.fisiohogar.com\/bilbao\/?p=878"},"modified":"2023-03-03T19:16:44","modified_gmt":"2023-03-03T19:16:44","slug":"alteraciones-la-columna-ii-parte","status":"publish","type":"post","link":"https:\/\/www.fisiohogar.com\/bilbao\/es\/alteraciones-la-columna-ii-parte\/","title":{"rendered":"Alteraciones de la columna &#8211; II parte"},"content":{"rendered":"<p>En la primera parte de este art\u00edculo (<a title=\"\" href=\"http:\/\/www.fisiohogar.com\/bilbao\/es\/alteraciones-la-columna-parte-i\/\" target=\"_blank\" rel=\"noopener\">alteraciones de la columna I)<\/a> estuvimos hablando de las rectificaciones y de la hiperlordosis. En este art\u00edculo le toca el turno a la cifosis y la escoliosis.<\/p>\n<h3><span style=\"font-weight: 400;\">CIFOSIS<\/span><\/h3>\n<p><span style=\"font-weight: 400;\">La cifosis o hipercifosis, es lo contrario a la hiperlordosis. Sucede cuando la convexidad posterior en la regi\u00f3n dorsal est\u00e1 aumentada. La cifosis se puede clasificar en dos tipos:<\/span><\/p>\n<ol>\n<li><span style=\"font-weight: 400;\">Actitud cif\u00f3tica o cifosis postural<\/span><\/li>\n<li><span style=\"font-weight: 400;\">Cifosis estructural<\/span><\/li>\n<\/ol>\n<p><span style=\"font-weight: 400;\">En el primer tipo, el paciente puede corregir la cifosis activamente. La actitud cif\u00f3tica se caracteriza por una postura de cabeza y hombros adelantados y un aumento de la curvatura tor\u00e1cica. En esta fase no tiene por qu\u00e9 ser sintom\u00e1tica (provocar dolor), pero puede evolucionar a una cifosis estructurada, que ya no se puede corregir, y provoca problemas m\u00e1s importantes en la columna.<\/span><\/p>\n<p><span style=\"font-weight: 400;\">Las causas de la cifosis estructurada pueden ser diversas como las anomal\u00edas cong\u00e9nitas o la enfermedad de <\/span><span style=\"font-weight: 400;\">Scheuermann, adem\u00e1s de la propia evoluci\u00f3n de una cifosis postural.<\/span><\/p>\n<p><img decoding=\"async\" class=\"aligncenter size-full wp-image-879\" src=\"http:\/\/www.fisiohogar.com\/bilbao\/wp-content\/uploads\/sites\/3\/2017\/04\/Posturalkyphosis.png\" alt=\"\" width=\"726\" height=\"576\" srcset=\"https:\/\/www.fisiohogar.com\/bilbao\/wp-content\/uploads\/sites\/3\/2017\/04\/Posturalkyphosis-300x238.png 300w, https:\/\/www.fisiohogar.com\/bilbao\/wp-content\/uploads\/sites\/3\/2017\/04\/Posturalkyphosis.png 726w\" sizes=\"(max-width: 726px) 100vw, 726px\" \/><\/p>\n<h3><span style=\"font-weight: 400;\">RADIOGRAF\u00cdA DE PACIENTE CON ENFERMEDAD DE SCHEUERMANN<\/span><\/h3>\n<p><img decoding=\"async\" class=\"aligncenter size-medium_large wp-image-880\" src=\"http:\/\/www.fisiohogar.com\/bilbao\/wp-content\/uploads\/sites\/3\/2017\/04\/Scheuermanns70-768x1731.jpg\" alt=\"\" width=\"768\" height=\"1731\" srcset=\"https:\/\/www.fisiohogar.com\/bilbao\/wp-content\/uploads\/sites\/3\/2017\/04\/Scheuermanns70-133x300.jpg 133w, https:\/\/www.fisiohogar.com\/bilbao\/wp-content\/uploads\/sites\/3\/2017\/04\/Scheuermanns70-300x676.jpg 300w, https:\/\/www.fisiohogar.com\/bilbao\/wp-content\/uploads\/sites\/3\/2017\/04\/Scheuermanns70-454x1024.jpg 454w, https:\/\/www.fisiohogar.com\/bilbao\/wp-content\/uploads\/sites\/3\/2017\/04\/Scheuermanns70-768x1731.jpg 768w, https:\/\/www.fisiohogar.com\/bilbao\/wp-content\/uploads\/sites\/3\/2017\/04\/Scheuermanns70.jpg 915w\" sizes=\"(max-width: 768px) 100vw, 768px\" \/><\/p>\n<h3><span style=\"font-weight: 400;\">ESCOLIOSIS<\/span><\/h3>\n<p><span style=\"font-weight: 400;\">Al contrario que en el plano lateral, que existen unas curvaturas fisiol\u00f3gicas (lordosis y cifosis fisiol\u00f3gicas), en el plano frontal no debe haberlas. La escoliosis es la existencia de desviaciones laterales en el plano frontal, pudiendo ser en forma de C o S. Es importante tener en cuenta, que aunque los m\u00e1s evidente es esa deformaci\u00f3n en el plano frontal, en la escoliosis existe tambi\u00e9n una rotaci\u00f3n vertebral. Esto hace que sea una alteraci\u00f3n en tres dimensiones, y por eso puede haber una giba en escoliosis m\u00e1s graves.<\/span><\/p>\n<p><span style=\"font-weight: 400;\">Las escoliosis puede producirse por diferentes causas: la cong\u00e9nita, la idiop\u00e1tica o la neuromuscular (secundaria a patolog\u00edas neurol\u00f3gicas como la par\u00e1lisis cerebral, la espina b\u00edfida, etc). La m\u00e1s habitual es la causa idiop\u00e1tica, es decir, en la mayor\u00eda de los pacientes no se conoce el origen de la misma, no tiene una causa identificada.<\/span><\/p>\n<p><img decoding=\"async\" class=\"aligncenter size-medium wp-image-881\" src=\"http:\/\/www.fisiohogar.com\/bilbao\/wp-content\/uploads\/sites\/3\/2017\/04\/escoliosis-194x300.jpg\" alt=\"\" width=\"194\" height=\"300\" srcset=\"https:\/\/www.fisiohogar.com\/bilbao\/wp-content\/uploads\/sites\/3\/2017\/04\/escoliosis-194x300.jpg 194w, https:\/\/www.fisiohogar.com\/bilbao\/wp-content\/uploads\/sites\/3\/2017\/04\/escoliosis-300x464.jpg 300w, https:\/\/www.fisiohogar.com\/bilbao\/wp-content\/uploads\/sites\/3\/2017\/04\/escoliosis.jpg 429w\" sizes=\"(max-width: 194px) 100vw, 194px\" \/><\/p>\n<h3><span style=\"font-weight: 400;\">\u00bfC\u00f3mo puede ayudar la FISIOTERAPIA?<\/span><\/h3>\n<p><span style=\"font-weight: 400;\">Tal y como os comentamos en la primera parte de las <\/span><a href=\"http:\/\/www.fisiohogar.com\/bilbao\/es\/alteraciones-la-columna-parte-i\/\"><span style=\"font-weight: 400;\">alteraciones de columna<\/span><\/a><span style=\"font-weight: 400;\">, los programas de ejercicios y estiramientos son fundamentales. Tanto en la cifosis estructurada como en la escoliosis, el objetivo principal de la fisioterapia ser\u00e1 evitar la progresi\u00f3n de la deformidad. Esto se consigue con un programa de ejercicios y pautas posturales, personalizadas en funci\u00f3n de cada paciente. Adem\u00e1s, y debido a la propia alteraci\u00f3n en la estructura vertebral, existen desequilibrios musculares, que hacen a estos pacientes m\u00e1s propensos a tener contracturas y otras alteraciones del aparato locomotor. Gracias a las t\u00e9cnicas con las que contamos en fisioterapia se evita la aparici\u00f3n de dolor y se alivian otras posibles afecciones.<\/span><\/p>\n<p><img decoding=\"async\" class=\"alignleft size-medium wp-image-849\" src=\"http:\/\/www.fisiohogar.com\/bilbao\/wp-content\/uploads\/sites\/3\/2016\/12\/soraya_firma-3-300x109.jpg\" alt=\"\" width=\"300\" height=\"109\" srcset=\"https:\/\/www.fisiohogar.com\/bilbao\/wp-content\/uploads\/sites\/3\/2016\/12\/soraya_firma-3-300x109.jpg 300w, https:\/\/www.fisiohogar.com\/bilbao\/wp-content\/uploads\/sites\/3\/2016\/12\/soraya_firma-3.jpg 575w\" sizes=\"(max-width: 300px) 100vw, 300px\" \/><\/p>\n","protected":false},"excerpt":{"rendered":"<p>En la primera parte de este art\u00edculo (alteraciones de la columna I) estuvimos hablando de las rectificaciones y de la hiperlordosis. En este art\u00edculo le toca el turno a la cifosis y la escoliosis.  [&#8230;]<\/p>\n","protected":false},"author":1,"featured_media":882,"comment_status":"open","ping_status":"closed","sticky":false,"template":"","format":"standard","meta":{"_joinchat":[],"footnotes":""},"categories":[45],"tags":[],"class_list":["post-878","post","type-post","status-publish","format-standard","has-post-thumbnail","hentry","category-dolores-articulares-y-musculares"],"yoast_head":"<!-- This site is optimized with the Yoast SEO plugin v27.4 - https:\/\/yoast.com\/product\/yoast-seo-wordpress\/ -->\n<title>Alteraciones de la columna - II parte - Fisioterapeutas en Bilbao<\/title>\n<meta name=\"robots\" content=\"index, follow, max-snippet:-1, max-image-preview:large, max-video-preview:-1\" \/>\n<link rel=\"canonical\" href=\"https:\/\/www.fisiohogar.com\/bilbao\/es\/alteraciones-la-columna-ii-parte\/\" \/>\n<meta property=\"og:locale\" content=\"es_ES\" \/>\n<meta property=\"og:type\" content=\"article\" \/>\n<meta property=\"og:title\" content=\"Alteraciones de la columna - II parte - Fisioterapeutas en Bilbao\" \/>\n<meta property=\"og:description\" content=\"En la primera parte de este art\u00edculo (alteraciones de la columna I) estuvimos hablando de las rectificaciones y de la hiperlordosis. En este art\u00edculo le toca el turno a la cifosis y la escoliosis. [...]\" \/>\n<meta property=\"og:url\" content=\"https:\/\/www.fisiohogar.com\/bilbao\/es\/alteraciones-la-columna-ii-parte\/\" \/>\n<meta property=\"og:site_name\" content=\"Fisioterapeutas en Bilbao\" \/>\n<meta property=\"article:published_time\" content=\"2017-04-17T11:38:33+00:00\" \/>\n<meta property=\"article:modified_time\" content=\"2023-03-03T19:16:44+00:00\" \/>\n<meta property=\"og:image\" content=\"https:\/\/www.fisiohogar.com\/bilbao\/wp-content\/uploads\/sites\/3\/2017\/04\/alteraciones-de-la-columna.jpg\" \/>\n\t<meta property=\"og:image:width\" content=\"1688\" \/>\n\t<meta property=\"og:image:height\" content=\"1125\" \/>\n\t<meta property=\"og:image:type\" content=\"image\/jpeg\" \/>\n<meta name=\"author\" content=\"Pablo Herrera Jim\u00e9nez\" \/>\n<meta name=\"twitter:card\" content=\"summary_large_image\" \/>\n<meta name=\"twitter:label1\" content=\"Escrito por\" \/>\n\t<meta name=\"twitter:data1\" content=\"Pablo Herrera Jim\u00e9nez\" \/>\n\t<meta name=\"twitter:label2\" content=\"Tiempo de lectura\" \/>\n\t<meta name=\"twitter:data2\" content=\"2 minutos\" \/>\n<script type=\"application\/ld+json\" class=\"yoast-schema-graph\">{\"@context\":\"https:\\\/\\\/schema.org\",\"@graph\":[{\"@type\":\"Article\",\"@id\":\"https:\\\/\\\/www.fisiohogar.com\\\/bilbao\\\/es\\\/alteraciones-la-columna-ii-parte\\\/#article\",\"isPartOf\":{\"@id\":\"https:\\\/\\\/www.fisiohogar.com\\\/bilbao\\\/es\\\/alteraciones-la-columna-ii-parte\\\/\"},\"author\":{\"name\":\"Pablo Herrera Jim\u00e9nez\",\"@id\":\"https:\\\/\\\/www.fisiohogar.com\\\/bilbao\\\/#\\\/schema\\\/person\\\/a509a45c4f66009466569e2e9b7f4d28\"},\"headline\":\"Alteraciones de la columna &#8211; II parte\",\"datePublished\":\"2017-04-17T11:38:33+00:00\",\"dateModified\":\"2023-03-03T19:16:44+00:00\",\"mainEntityOfPage\":{\"@id\":\"https:\\\/\\\/www.fisiohogar.com\\\/bilbao\\\/es\\\/alteraciones-la-columna-ii-parte\\\/\"},\"wordCount\":474,\"commentCount\":0,\"image\":{\"@id\":\"https:\\\/\\\/www.fisiohogar.com\\\/bilbao\\\/es\\\/alteraciones-la-columna-ii-parte\\\/#primaryimage\"},\"thumbnailUrl\":\"https:\\\/\\\/www.fisiohogar.com\\\/bilbao\\\/wp-content\\\/uploads\\\/sites\\\/3\\\/2017\\\/04\\\/alteraciones-de-la-columna.jpg\",\"articleSection\":[\"Dolores articulares y musculares\"],\"inLanguage\":\"es\",\"potentialAction\":[{\"@type\":\"CommentAction\",\"name\":\"Comment\",\"target\":[\"https:\\\/\\\/www.fisiohogar.com\\\/bilbao\\\/es\\\/alteraciones-la-columna-ii-parte\\\/#respond\"]}]},{\"@type\":\"WebPage\",\"@id\":\"https:\\\/\\\/www.fisiohogar.com\\\/bilbao\\\/es\\\/alteraciones-la-columna-ii-parte\\\/\",\"url\":\"https:\\\/\\\/www.fisiohogar.com\\\/bilbao\\\/es\\\/alteraciones-la-columna-ii-parte\\\/\",\"name\":\"Alteraciones de la columna - II parte - Fisioterapeutas en Bilbao\",\"isPartOf\":{\"@id\":\"https:\\\/\\\/www.fisiohogar.com\\\/bilbao\\\/#website\"},\"primaryImageOfPage\":{\"@id\":\"https:\\\/\\\/www.fisiohogar.com\\\/bilbao\\\/es\\\/alteraciones-la-columna-ii-parte\\\/#primaryimage\"},\"image\":{\"@id\":\"https:\\\/\\\/www.fisiohogar.com\\\/bilbao\\\/es\\\/alteraciones-la-columna-ii-parte\\\/#primaryimage\"},\"thumbnailUrl\":\"https:\\\/\\\/www.fisiohogar.com\\\/bilbao\\\/wp-content\\\/uploads\\\/sites\\\/3\\\/2017\\\/04\\\/alteraciones-de-la-columna.jpg\",\"datePublished\":\"2017-04-17T11:38:33+00:00\",\"dateModified\":\"2023-03-03T19:16:44+00:00\",\"author\":{\"@id\":\"https:\\\/\\\/www.fisiohogar.com\\\/bilbao\\\/#\\\/schema\\\/person\\\/a509a45c4f66009466569e2e9b7f4d28\"},\"breadcrumb\":{\"@id\":\"https:\\\/\\\/www.fisiohogar.com\\\/bilbao\\\/es\\\/alteraciones-la-columna-ii-parte\\\/#breadcrumb\"},\"inLanguage\":\"es\",\"potentialAction\":[{\"@type\":\"ReadAction\",\"target\":[\"https:\\\/\\\/www.fisiohogar.com\\\/bilbao\\\/es\\\/alteraciones-la-columna-ii-parte\\\/\"]}]},{\"@type\":\"ImageObject\",\"inLanguage\":\"es\",\"@id\":\"https:\\\/\\\/www.fisiohogar.com\\\/bilbao\\\/es\\\/alteraciones-la-columna-ii-parte\\\/#primaryimage\",\"url\":\"https:\\\/\\\/www.fisiohogar.com\\\/bilbao\\\/wp-content\\\/uploads\\\/sites\\\/3\\\/2017\\\/04\\\/alteraciones-de-la-columna.jpg\",\"contentUrl\":\"https:\\\/\\\/www.fisiohogar.com\\\/bilbao\\\/wp-content\\\/uploads\\\/sites\\\/3\\\/2017\\\/04\\\/alteraciones-de-la-columna.jpg\",\"width\":1688,\"height\":1125},{\"@type\":\"BreadcrumbList\",\"@id\":\"https:\\\/\\\/www.fisiohogar.com\\\/bilbao\\\/es\\\/alteraciones-la-columna-ii-parte\\\/#breadcrumb\",\"itemListElement\":[{\"@type\":\"ListItem\",\"position\":1,\"name\":\"Azala\",\"item\":\"https:\\\/\\\/www.fisiohogar.com\\\/bilbao\\\/es\\\/inicio\\\/\"},{\"@type\":\"ListItem\",\"position\":2,\"name\":\"Alteraciones de la columna &#8211; II parte\"}]},{\"@type\":\"WebSite\",\"@id\":\"https:\\\/\\\/www.fisiohogar.com\\\/bilbao\\\/#website\",\"url\":\"https:\\\/\\\/www.fisiohogar.com\\\/bilbao\\\/\",\"name\":\"Fisioterapeutas en Bilbao\",\"description\":\"Fisioterapia a domicilio en Bilbao\",\"potentialAction\":[{\"@type\":\"SearchAction\",\"target\":{\"@type\":\"EntryPoint\",\"urlTemplate\":\"https:\\\/\\\/www.fisiohogar.com\\\/bilbao\\\/?s={search_term_string}\"},\"query-input\":{\"@type\":\"PropertyValueSpecification\",\"valueRequired\":true,\"valueName\":\"search_term_string\"}}],\"inLanguage\":\"es\"},{\"@type\":\"Person\",\"@id\":\"https:\\\/\\\/www.fisiohogar.com\\\/bilbao\\\/#\\\/schema\\\/person\\\/a509a45c4f66009466569e2e9b7f4d28\",\"name\":\"Pablo Herrera Jim\u00e9nez\",\"image\":{\"@type\":\"ImageObject\",\"inLanguage\":\"es\",\"@id\":\"https:\\\/\\\/secure.gravatar.com\\\/avatar\\\/5e480b6f7fc4ed969317eb7170796c1002ba227115e9b0756ecc05394d63e73c?s=96&d=mm&r=g\",\"url\":\"https:\\\/\\\/secure.gravatar.com\\\/avatar\\\/5e480b6f7fc4ed969317eb7170796c1002ba227115e9b0756ecc05394d63e73c?s=96&d=mm&r=g\",\"contentUrl\":\"https:\\\/\\\/secure.gravatar.com\\\/avatar\\\/5e480b6f7fc4ed969317eb7170796c1002ba227115e9b0756ecc05394d63e73c?s=96&d=mm&r=g\",\"caption\":\"Pablo Herrera Jim\u00e9nez\"},\"description\":\"Colegiado n\u00ba 3.147 Fisioterapeuta y licenciado en Ciencias de la Actividad F\u00edsica y el Deporte por la Universidad Europea de Madrid. Vicedecano del Colegio de fisioterapeutas de la Comunidad de Madrid.\",\"sameAs\":[\"https:\\\/\\\/www.fisiohogar.com\"],\"url\":\"https:\\\/\\\/www.fisiohogar.com\\\/bilbao\\\/author\\\/fisioterapeuta-pablo-herrera-jimenez\\\/\"}]}<\/script>\n<!-- \/ Yoast SEO plugin. -->","yoast_head_json":{"title":"Alteraciones de la columna - II parte - Fisioterapeutas en Bilbao","robots":{"index":"index","follow":"follow","max-snippet":"max-snippet:-1","max-image-preview":"max-image-preview:large","max-video-preview":"max-video-preview:-1"},"canonical":"https:\/\/www.fisiohogar.com\/bilbao\/es\/alteraciones-la-columna-ii-parte\/","og_locale":"es_ES","og_type":"article","og_title":"Alteraciones de la columna - II parte - Fisioterapeutas en Bilbao","og_description":"En la primera parte de este art\u00edculo (alteraciones de la columna I) estuvimos hablando de las rectificaciones y de la hiperlordosis. En este art\u00edculo le toca el turno a la cifosis y la escoliosis. [...]","og_url":"https:\/\/www.fisiohogar.com\/bilbao\/es\/alteraciones-la-columna-ii-parte\/","og_site_name":"Fisioterapeutas en Bilbao","article_published_time":"2017-04-17T11:38:33+00:00","article_modified_time":"2023-03-03T19:16:44+00:00","og_image":[{"width":1688,"height":1125,"url":"https:\/\/www.fisiohogar.com\/bilbao\/wp-content\/uploads\/sites\/3\/2017\/04\/alteraciones-de-la-columna.jpg","type":"image\/jpeg"}],"author":"Pablo Herrera Jim\u00e9nez","twitter_card":"summary_large_image","twitter_misc":{"Escrito por":"Pablo Herrera Jim\u00e9nez","Tiempo de lectura":"2 minutos"},"schema":{"@context":"https:\/\/schema.org","@graph":[{"@type":"Article","@id":"https:\/\/www.fisiohogar.com\/bilbao\/es\/alteraciones-la-columna-ii-parte\/#article","isPartOf":{"@id":"https:\/\/www.fisiohogar.com\/bilbao\/es\/alteraciones-la-columna-ii-parte\/"},"author":{"name":"Pablo Herrera Jim\u00e9nez","@id":"https:\/\/www.fisiohogar.com\/bilbao\/#\/schema\/person\/a509a45c4f66009466569e2e9b7f4d28"},"headline":"Alteraciones de la columna &#8211; II parte","datePublished":"2017-04-17T11:38:33+00:00","dateModified":"2023-03-03T19:16:44+00:00","mainEntityOfPage":{"@id":"https:\/\/www.fisiohogar.com\/bilbao\/es\/alteraciones-la-columna-ii-parte\/"},"wordCount":474,"commentCount":0,"image":{"@id":"https:\/\/www.fisiohogar.com\/bilbao\/es\/alteraciones-la-columna-ii-parte\/#primaryimage"},"thumbnailUrl":"https:\/\/www.fisiohogar.com\/bilbao\/wp-content\/uploads\/sites\/3\/2017\/04\/alteraciones-de-la-columna.jpg","articleSection":["Dolores articulares y musculares"],"inLanguage":"es","potentialAction":[{"@type":"CommentAction","name":"Comment","target":["https:\/\/www.fisiohogar.com\/bilbao\/es\/alteraciones-la-columna-ii-parte\/#respond"]}]},{"@type":"WebPage","@id":"https:\/\/www.fisiohogar.com\/bilbao\/es\/alteraciones-la-columna-ii-parte\/","url":"https:\/\/www.fisiohogar.com\/bilbao\/es\/alteraciones-la-columna-ii-parte\/","name":"Alteraciones de la columna - II parte - Fisioterapeutas en Bilbao","isPartOf":{"@id":"https:\/\/www.fisiohogar.com\/bilbao\/#website"},"primaryImageOfPage":{"@id":"https:\/\/www.fisiohogar.com\/bilbao\/es\/alteraciones-la-columna-ii-parte\/#primaryimage"},"image":{"@id":"https:\/\/www.fisiohogar.com\/bilbao\/es\/alteraciones-la-columna-ii-parte\/#primaryimage"},"thumbnailUrl":"https:\/\/www.fisiohogar.com\/bilbao\/wp-content\/uploads\/sites\/3\/2017\/04\/alteraciones-de-la-columna.jpg","datePublished":"2017-04-17T11:38:33+00:00","dateModified":"2023-03-03T19:16:44+00:00","author":{"@id":"https:\/\/www.fisiohogar.com\/bilbao\/#\/schema\/person\/a509a45c4f66009466569e2e9b7f4d28"},"breadcrumb":{"@id":"https:\/\/www.fisiohogar.com\/bilbao\/es\/alteraciones-la-columna-ii-parte\/#breadcrumb"},"inLanguage":"es","potentialAction":[{"@type":"ReadAction","target":["https:\/\/www.fisiohogar.com\/bilbao\/es\/alteraciones-la-columna-ii-parte\/"]}]},{"@type":"ImageObject","inLanguage":"es","@id":"https:\/\/www.fisiohogar.com\/bilbao\/es\/alteraciones-la-columna-ii-parte\/#primaryimage","url":"https:\/\/www.fisiohogar.com\/bilbao\/wp-content\/uploads\/sites\/3\/2017\/04\/alteraciones-de-la-columna.jpg","contentUrl":"https:\/\/www.fisiohogar.com\/bilbao\/wp-content\/uploads\/sites\/3\/2017\/04\/alteraciones-de-la-columna.jpg","width":1688,"height":1125},{"@type":"BreadcrumbList","@id":"https:\/\/www.fisiohogar.com\/bilbao\/es\/alteraciones-la-columna-ii-parte\/#breadcrumb","itemListElement":[{"@type":"ListItem","position":1,"name":"Azala","item":"https:\/\/www.fisiohogar.com\/bilbao\/es\/inicio\/"},{"@type":"ListItem","position":2,"name":"Alteraciones de la columna &#8211; II parte"}]},{"@type":"WebSite","@id":"https:\/\/www.fisiohogar.com\/bilbao\/#website","url":"https:\/\/www.fisiohogar.com\/bilbao\/","name":"Fisioterapeutas en Bilbao","description":"Fisioterapia a domicilio en Bilbao","potentialAction":[{"@type":"SearchAction","target":{"@type":"EntryPoint","urlTemplate":"https:\/\/www.fisiohogar.com\/bilbao\/?s={search_term_string}"},"query-input":{"@type":"PropertyValueSpecification","valueRequired":true,"valueName":"search_term_string"}}],"inLanguage":"es"},{"@type":"Person","@id":"https:\/\/www.fisiohogar.com\/bilbao\/#\/schema\/person\/a509a45c4f66009466569e2e9b7f4d28","name":"Pablo Herrera Jim\u00e9nez","image":{"@type":"ImageObject","inLanguage":"es","@id":"https:\/\/secure.gravatar.com\/avatar\/5e480b6f7fc4ed969317eb7170796c1002ba227115e9b0756ecc05394d63e73c?s=96&d=mm&r=g","url":"https:\/\/secure.gravatar.com\/avatar\/5e480b6f7fc4ed969317eb7170796c1002ba227115e9b0756ecc05394d63e73c?s=96&d=mm&r=g","contentUrl":"https:\/\/secure.gravatar.com\/avatar\/5e480b6f7fc4ed969317eb7170796c1002ba227115e9b0756ecc05394d63e73c?s=96&d=mm&r=g","caption":"Pablo Herrera Jim\u00e9nez"},"description":"Colegiado n\u00ba 3.147 Fisioterapeuta y licenciado en Ciencias de la Actividad F\u00edsica y el Deporte por la Universidad Europea de Madrid. Vicedecano del Colegio de fisioterapeutas de la Comunidad de Madrid.","sameAs":["https:\/\/www.fisiohogar.com"],"url":"https:\/\/www.fisiohogar.com\/bilbao\/author\/fisioterapeuta-pablo-herrera-jimenez\/"}]}},"_links":{"self":[{"href":"https:\/\/www.fisiohogar.com\/bilbao\/wp-json\/wp\/v2\/posts\/878","targetHints":{"allow":["GET"]}}],"collection":[{"href":"https:\/\/www.fisiohogar.com\/bilbao\/wp-json\/wp\/v2\/posts"}],"about":[{"href":"https:\/\/www.fisiohogar.com\/bilbao\/wp-json\/wp\/v2\/types\/post"}],"author":[{"embeddable":true,"href":"https:\/\/www.fisiohogar.com\/bilbao\/wp-json\/wp\/v2\/users\/1"}],"replies":[{"embeddable":true,"href":"https:\/\/www.fisiohogar.com\/bilbao\/wp-json\/wp\/v2\/comments?post=878"}],"version-history":[{"count":1,"href":"https:\/\/www.fisiohogar.com\/bilbao\/wp-json\/wp\/v2\/posts\/878\/revisions"}],"predecessor-version":[{"id":5205,"href":"https:\/\/www.fisiohogar.com\/bilbao\/wp-json\/wp\/v2\/posts\/878\/revisions\/5205"}],"wp:featuredmedia":[{"embeddable":true,"href":"https:\/\/www.fisiohogar.com\/bilbao\/wp-json\/wp\/v2\/media\/882"}],"wp:attachment":[{"href":"https:\/\/www.fisiohogar.com\/bilbao\/wp-json\/wp\/v2\/media?parent=878"}],"wp:term":[{"taxonomy":"category","embeddable":true,"href":"https:\/\/www.fisiohogar.com\/bilbao\/wp-json\/wp\/v2\/categories?post=878"},{"taxonomy":"post_tag","embeddable":true,"href":"https:\/\/www.fisiohogar.com\/bilbao\/wp-json\/wp\/v2\/tags?post=878"}],"curies":[{"name":"wp","href":"https:\/\/api.w.org\/{rel}","templated":true}]}}