{"id":4982,"date":"2018-12-05T17:51:32","date_gmt":"2018-12-05T17:51:32","guid":{"rendered":"https:\/\/www.fisiohogar.com\/bilbao\/?p=4982"},"modified":"2023-03-06T15:54:27","modified_gmt":"2023-03-06T15:54:27","slug":"dos-dias-de-fisioterapia-a-domicilio-en-bilbao","status":"publish","type":"post","link":"https:\/\/www.fisiohogar.com\/bilbao\/es\/dos-dias-de-fisioterapia-a-domicilio-en-bilbao\/","title":{"rendered":"Dos d\u00edas de fisioterapia a domicilio en Bilbao"},"content":{"rendered":"<h3>Primera jornada<\/h3>\n<p>Empezamos un d\u00eda oto\u00f1al con fr\u00edo y lluvia en Basauri, donde visitamos a \u00abJose\u00bb que se est\u00e1 recuperando de una fractura de f\u00e9mur. Tras la intervenci\u00f3n sali\u00f3 deambulando con andador con mucho dolor y pocas ganas de caminar. Despu\u00e9s de varias sesiones tuvo un peque\u00f1o contratiempo por una infecci\u00f3n en el tobillo pero una vez superado el percance ya empezamos a caminar con un bast\u00f3n, igual que hac\u00eda antes de la fractura y ha vuelto a recuperar su rutina habitual.<\/p>\n<p><img decoding=\"async\" class=\"aligncenter size-full wp-image-4983\" src=\"https:\/\/www.fisiohogar.com\/bilbao\/wp-content\/uploads\/sites\/3\/2018\/12\/Trasera-coche-Fisioaetxean.jpg\" alt=\"\" width=\"960\" height=\"960\" srcset=\"https:\/\/www.fisiohogar.com\/bilbao\/wp-content\/uploads\/sites\/3\/2018\/12\/Trasera-coche-Fisioaetxean-49x49.jpg 49w, https:\/\/www.fisiohogar.com\/bilbao\/wp-content\/uploads\/sites\/3\/2018\/12\/Trasera-coche-Fisioaetxean-55x55.jpg 55w, https:\/\/www.fisiohogar.com\/bilbao\/wp-content\/uploads\/sites\/3\/2018\/12\/Trasera-coche-Fisioaetxean-80x80.jpg 80w, https:\/\/www.fisiohogar.com\/bilbao\/wp-content\/uploads\/sites\/3\/2018\/12\/Trasera-coche-Fisioaetxean-150x150.jpg 150w, https:\/\/www.fisiohogar.com\/bilbao\/wp-content\/uploads\/sites\/3\/2018\/12\/Trasera-coche-Fisioaetxean-300x300.jpg 300w, https:\/\/www.fisiohogar.com\/bilbao\/wp-content\/uploads\/sites\/3\/2018\/12\/Trasera-coche-Fisioaetxean-640x640.jpg 640w, https:\/\/www.fisiohogar.com\/bilbao\/wp-content\/uploads\/sites\/3\/2018\/12\/Trasera-coche-Fisioaetxean-768x768.jpg 768w, https:\/\/www.fisiohogar.com\/bilbao\/wp-content\/uploads\/sites\/3\/2018\/12\/Trasera-coche-Fisioaetxean-940x940.jpg 940w, https:\/\/www.fisiohogar.com\/bilbao\/wp-content\/uploads\/sites\/3\/2018\/12\/Trasera-coche-Fisioaetxean.jpg 960w\" sizes=\"(max-width: 960px) 100vw, 960px\" \/><\/p>\n<p>Continuamos la ma\u00f1ana en Bilbao con \u00abPilar\u00bb, que necesita realizar ejercicios de potenciaci\u00f3n y equilibrio para mantener su estado f\u00edsico, que se ha ido deteriorando en los \u00faltimos a\u00f1os.<\/p>\n<p>Antes de parar a comer nos dirigimos a Leioa para tratar a \u00abConsuelo\u00bb, con la que iniciamos tratamiento a causa de un s\u00edndrome parkinsoniano que le produjo numerosas ca\u00eddas, en una de las cuales sufri\u00f3 una fractura de mu\u00f1eca. Una vez retirado el yeso hemos a\u00f1adido el tratamiento de la misma al plan habitual.<\/p>\n<p>A la tarde tenemos otras tres sesiones, primero vamos a Bilbao, donde tratamos a \u00abDolores\u00bb que tras haber estado ingresada en el hospital tras un ictus ya se encuentra en su domicilio. Continuamos potenciando su movilidad y sensibilidad a la vez que controlamos la espasticidad.<\/p>\n<p>A media tarde nos dirigimos a Getxo, donde nos encontramos con \u00abAndoni\u00bb, un m\u00e9dico recientemente jubilado que acaba de ser intervenido de pr\u00f3tesis de cadera. Debido a que es relativamente joven para esta intervenci\u00f3n deambula bien con dos muletas y enseguida pasamos a usar una sola, aunque tenemos que corregir una notable cojera en la deambulaci\u00f3n.<\/p>\n<p>Finalizamos la jornada en el hospital, donde tenemos a un nuevo paciente de ictus que contact\u00f3 gracias al boca a boca de \u00abDolores\u00bb, anteriormente mencionada. \u00abEugenio\u00bb se encuentra en una fase inicial de la rehabilitaci\u00f3n, con menos de dos meses transcurridos desde el ictus. En su caso ha recuperado muy r\u00e1pido la movilidad, siendo casi imperceptible la lesi\u00f3n en la extremidad superior. Su mayor d\u00e9ficit y en lo que m\u00e1s estamos trabajando es en el equilibrio, la transferencia de cargas y la precisi\u00f3n a la hora de movilizar la extremidad inferior afectada.<\/p>\n<p>Tras una jornada de trabajo muy fruct\u00edfera, me retiro a casa a descansar y coger fuerzas para la pr\u00f3xima jornada.<\/p>\n<h3>Segunda jornada<\/h3>\n<p><span style=\"font-weight: 400;\">Amanece el d\u00eda en Barakaldo, como la mayor\u00eda de los d\u00edas de un color gris perlado, no triste pero s\u00ed luminoso y con una temperatura agradable para ser casi invierno. Tras un buen desayuno y un intenso paseo con mi fiel amigo, mi perro, me dispongo a comenzar la jornada laboral que no siempre se desarrolla en el mismo lugar, por suerte. <\/span><\/p>\n<p><span style=\"font-weight: 400;\">Es una de las cosas que m\u00e1s me gusta de ser fisioterapeuta a domicilio, que te desplazas durante toda la jornada y cambias de paisaje con frecuencia. Hoy exactamente voy a La Arboleda, un pueblecito minero con encanto tanto por su ubicaci\u00f3n, en la monta\u00f1a, como por sus gentes y su gastronom\u00eda. All\u00ed me espera mi paciente \u00abAne\u00bb, a la que trato con motivo de las <a href=\"https:\/\/www.fisiohogar.com\/segovia\/fisioterapia-domicilio-tras-sufrir-ictus\/\">secuelas que le dej\u00f3 un ictus<\/a> hace 11 meses. \u00a0Al t\u00e9rmino de su tratamiento, bajo a la calle de al lado y me sorprende algo de lluvia, aunque no es problema pues voy donde su vecino \u00abEneko\u00bb, que tambi\u00e9n necesita de nuestros servicios ya que me comenta que tiene contracturas en la espalda que le impiden realizar sus labores diarias en el pueblo. Son personas tan agradecidas que m\u00e1s de una vez me han invitado a desayunar y yo gustosa he aceptado, aunque eso s\u00ed con algo de prisa pues tengo que continuar con mi trabajo, que tras dos horas y media me lleva a Getxo.<\/span><\/p>\n<p><span style=\"font-weight: 400;\">Durante el trayecto, con la energ\u00eda que me proporciona el \u201chamarretako\u201d o comida de media ma\u00f1ana a la que me convidaron, disfruto de un hermoso trayecto en coche por toda la bajada del monte con algo de niebla y \u00a0ganaderos me saludan desde la campa mientras pastan sus vacas. Por fin llego al domicilio de Getxo tras cruzar la R\u00eda, mi paciente \u00abMarian\u00bb me espera algo ansiosa para comenzar su sesi\u00f3n de fisioterapia pues tiene Parkinson y juntas realizamos un plan de ejercicios para mejorar su equilibrio, la destreza de su mano y estirar sus m\u00fasculos.<\/span><\/p>\n<p><span style=\"font-weight: 400;\">Mis \u00faltimos pacientes de la ma\u00f1ana son de una residencia de mayores en Barrika, all\u00ed durante unas horas trabajo con los aitites (abuelos) la marcha, el equilibrio y fortalecimiento general, mucho me regalan sonrisas y besos, siempre est\u00e1n de buen humor. <\/span><\/p>\n<p><span style=\"font-weight: 400;\">Ya es la hora de almorzar y regreso a casa en Barakaldo, el sol parece asomar t\u00edmidamente entre las nubes. Tras un breve reposo, salgo para mi primer paciente de la tarde que se ubica en Bilbao capital. En la zona de Indautxu vive \u00abLeire\u00bb, ella necesita un buen drenaje linf\u00e1tico en los miembros inferiores porque est\u00e1 en silla de ruedas como secuela tras una operaci\u00f3n del pie que le impide caminar. <\/span><\/p>\n<p><span style=\"font-weight: 400;\">Y para terminar la jornada, voy al pueblo de Sopela, de nuevo vuelvo a cruzar la R\u00eda para encontrarme con \u00abDar\u00edo\u00bb en su casa, antes, como llego con tiempo a la cita, me tomo un caf\u00e9 en una terraza cercana al domicilio. Cuando llega la hora, ya estamos \u00abDar\u00edo\u00bb y yo realizando su rehabilitaci\u00f3n, pues tiene demencia y se le han ido anquilosando las articulaciones tambi\u00e9n, por lo que tras su terapia manual en miembro inferior, realizamos su rutina de ejercicios de coordinaci\u00f3n, fuerza, flexibilidad y equilibrio.<\/span><\/p>\n<p><span style=\"font-weight: 400;\">Fin de la jornada de trabajo, como resultado seis personas han recibido su tratamiento de fisioterapia, y nosotros encantados de haberlo podido realizar. Si quieres que nos acerquemos a visitarte un d\u00eda de estos, no dudes en <a href=\"https:\/\/www.fisiohogar.com\/bilbao\/es\/contacto\/\">contactar con nosotros<\/a> y te incluiremos en nuestra ruta diaria encantados.<\/span><\/p>\n","protected":false},"excerpt":{"rendered":"<p>Primera jornada Empezamos un d\u00eda oto\u00f1al con fr\u00edo y lluvia en Basauri, donde visitamos a \u00abJose\u00bb que se est\u00e1 recuperando de una fractura de f\u00e9mur. Tras la intervenci\u00f3n sali\u00f3 deambulando con andador con mucho  [&#8230;]<\/p>\n","protected":false},"author":13,"featured_media":896,"comment_status":"open","ping_status":"closed","sticky":false,"template":"","format":"standard","meta":{"_joinchat":[],"footnotes":""},"categories":[2],"tags":[],"class_list":["post-4982","post","type-post","status-publish","format-standard","has-post-thumbnail","hentry","category-fisioterapia-a-domicilio"],"yoast_head":"<!-- This site is optimized with the Yoast SEO plugin v27.4 - https:\/\/yoast.com\/product\/yoast-seo-wordpress\/ -->\n<title>Dos d\u00edas de fisioterapia a domicilio en Bilbao - Fisioterapeutas en Bilbao<\/title>\n<meta name=\"description\" content=\"Sigue las andanzas de nuestros fisioterapeutas a domicilio por Bilbao. En este art\u00edculo te hablamos de un d\u00eda cualquiera en nuestro trabajo.\" \/>\n<meta name=\"robots\" content=\"index, follow, max-snippet:-1, max-image-preview:large, max-video-preview:-1\" \/>\n<link rel=\"canonical\" href=\"https:\/\/www.fisiohogar.com\/bilbao\/es\/dos-dias-de-fisioterapia-a-domicilio-en-bilbao\/\" \/>\n<meta property=\"og:locale\" content=\"es_ES\" \/>\n<meta property=\"og:type\" content=\"article\" \/>\n<meta property=\"og:title\" content=\"Dos d\u00edas de fisioterapia a domicilio en Bilbao - Fisioterapeutas en Bilbao\" \/>\n<meta property=\"og:description\" content=\"Sigue las andanzas de nuestros fisioterapeutas a domicilio por Bilbao. En este art\u00edculo te hablamos de un d\u00eda cualquiera en nuestro trabajo.\" \/>\n<meta property=\"og:url\" content=\"https:\/\/www.fisiohogar.com\/bilbao\/es\/dos-dias-de-fisioterapia-a-domicilio-en-bilbao\/\" \/>\n<meta property=\"og:site_name\" content=\"Fisioterapeutas en Bilbao\" \/>\n<meta property=\"article:published_time\" content=\"2018-12-05T17:51:32+00:00\" \/>\n<meta property=\"article:modified_time\" content=\"2023-03-06T15:54:27+00:00\" \/>\n<meta property=\"og:image\" content=\"https:\/\/www.fisiohogar.com\/bilbao\/wp-content\/uploads\/sites\/3\/2017\/05\/20170421_123919_RichtoneHDR-1024x768.jpg\" \/>\n\t<meta property=\"og:image:width\" content=\"1024\" \/>\n\t<meta property=\"og:image:height\" content=\"768\" \/>\n\t<meta property=\"og:image:type\" content=\"image\/jpeg\" \/>\n<meta name=\"author\" content=\"Regina Candel Marcuartu\" \/>\n<meta name=\"twitter:card\" content=\"summary_large_image\" \/>\n<meta name=\"twitter:label1\" content=\"Escrito por\" \/>\n\t<meta name=\"twitter:data1\" content=\"Regina Candel Marcuartu\" \/>\n\t<meta name=\"twitter:label2\" content=\"Tiempo de lectura\" \/>\n\t<meta name=\"twitter:data2\" content=\"5 minutos\" \/>\n<script type=\"application\/ld+json\" class=\"yoast-schema-graph\">{\"@context\":\"https:\\\/\\\/schema.org\",\"@graph\":[{\"@type\":\"Article\",\"@id\":\"https:\\\/\\\/www.fisiohogar.com\\\/bilbao\\\/es\\\/dos-dias-de-fisioterapia-a-domicilio-en-bilbao\\\/#article\",\"isPartOf\":{\"@id\":\"https:\\\/\\\/www.fisiohogar.com\\\/bilbao\\\/es\\\/dos-dias-de-fisioterapia-a-domicilio-en-bilbao\\\/\"},\"author\":{\"name\":\"Regina Candel Marcuartu\",\"@id\":\"https:\\\/\\\/www.fisiohogar.com\\\/bilbao\\\/#\\\/schema\\\/person\\\/3f3f456620ffa26cf11be7a1bf1e987f\"},\"headline\":\"Dos d\u00edas de fisioterapia a domicilio en Bilbao\",\"datePublished\":\"2018-12-05T17:51:32+00:00\",\"dateModified\":\"2023-03-06T15:54:27+00:00\",\"mainEntityOfPage\":{\"@id\":\"https:\\\/\\\/www.fisiohogar.com\\\/bilbao\\\/es\\\/dos-dias-de-fisioterapia-a-domicilio-en-bilbao\\\/\"},\"wordCount\":1023,\"commentCount\":0,\"image\":{\"@id\":\"https:\\\/\\\/www.fisiohogar.com\\\/bilbao\\\/es\\\/dos-dias-de-fisioterapia-a-domicilio-en-bilbao\\\/#primaryimage\"},\"thumbnailUrl\":\"https:\\\/\\\/www.fisiohogar.com\\\/bilbao\\\/wp-content\\\/uploads\\\/sites\\\/3\\\/2017\\\/05\\\/20170421_123919_RichtoneHDR.jpg\",\"articleSection\":[\"Fisioterapia a domicilio\"],\"inLanguage\":\"es\",\"potentialAction\":[{\"@type\":\"CommentAction\",\"name\":\"Comment\",\"target\":[\"https:\\\/\\\/www.fisiohogar.com\\\/bilbao\\\/es\\\/dos-dias-de-fisioterapia-a-domicilio-en-bilbao\\\/#respond\"]}]},{\"@type\":\"WebPage\",\"@id\":\"https:\\\/\\\/www.fisiohogar.com\\\/bilbao\\\/es\\\/dos-dias-de-fisioterapia-a-domicilio-en-bilbao\\\/\",\"url\":\"https:\\\/\\\/www.fisiohogar.com\\\/bilbao\\\/es\\\/dos-dias-de-fisioterapia-a-domicilio-en-bilbao\\\/\",\"name\":\"Dos d\u00edas de fisioterapia a domicilio en Bilbao - Fisioterapeutas en Bilbao\",\"isPartOf\":{\"@id\":\"https:\\\/\\\/www.fisiohogar.com\\\/bilbao\\\/#website\"},\"primaryImageOfPage\":{\"@id\":\"https:\\\/\\\/www.fisiohogar.com\\\/bilbao\\\/es\\\/dos-dias-de-fisioterapia-a-domicilio-en-bilbao\\\/#primaryimage\"},\"image\":{\"@id\":\"https:\\\/\\\/www.fisiohogar.com\\\/bilbao\\\/es\\\/dos-dias-de-fisioterapia-a-domicilio-en-bilbao\\\/#primaryimage\"},\"thumbnailUrl\":\"https:\\\/\\\/www.fisiohogar.com\\\/bilbao\\\/wp-content\\\/uploads\\\/sites\\\/3\\\/2017\\\/05\\\/20170421_123919_RichtoneHDR.jpg\",\"datePublished\":\"2018-12-05T17:51:32+00:00\",\"dateModified\":\"2023-03-06T15:54:27+00:00\",\"author\":{\"@id\":\"https:\\\/\\\/www.fisiohogar.com\\\/bilbao\\\/#\\\/schema\\\/person\\\/3f3f456620ffa26cf11be7a1bf1e987f\"},\"description\":\"Sigue las andanzas de nuestros fisioterapeutas a domicilio por Bilbao. En este art\u00edculo te hablamos de un d\u00eda cualquiera en nuestro trabajo.\",\"breadcrumb\":{\"@id\":\"https:\\\/\\\/www.fisiohogar.com\\\/bilbao\\\/es\\\/dos-dias-de-fisioterapia-a-domicilio-en-bilbao\\\/#breadcrumb\"},\"inLanguage\":\"es\",\"potentialAction\":[{\"@type\":\"ReadAction\",\"target\":[\"https:\\\/\\\/www.fisiohogar.com\\\/bilbao\\\/es\\\/dos-dias-de-fisioterapia-a-domicilio-en-bilbao\\\/\"]}]},{\"@type\":\"ImageObject\",\"inLanguage\":\"es\",\"@id\":\"https:\\\/\\\/www.fisiohogar.com\\\/bilbao\\\/es\\\/dos-dias-de-fisioterapia-a-domicilio-en-bilbao\\\/#primaryimage\",\"url\":\"https:\\\/\\\/www.fisiohogar.com\\\/bilbao\\\/wp-content\\\/uploads\\\/sites\\\/3\\\/2017\\\/05\\\/20170421_123919_RichtoneHDR.jpg\",\"contentUrl\":\"https:\\\/\\\/www.fisiohogar.com\\\/bilbao\\\/wp-content\\\/uploads\\\/sites\\\/3\\\/2017\\\/05\\\/20170421_123919_RichtoneHDR.jpg\",\"width\":3264,\"height\":2448},{\"@type\":\"BreadcrumbList\",\"@id\":\"https:\\\/\\\/www.fisiohogar.com\\\/bilbao\\\/es\\\/dos-dias-de-fisioterapia-a-domicilio-en-bilbao\\\/#breadcrumb\",\"itemListElement\":[{\"@type\":\"ListItem\",\"position\":1,\"name\":\"Azala\",\"item\":\"https:\\\/\\\/www.fisiohogar.com\\\/bilbao\\\/es\\\/inicio\\\/\"},{\"@type\":\"ListItem\",\"position\":2,\"name\":\"Dos d\u00edas de fisioterapia a domicilio en Bilbao\"}]},{\"@type\":\"WebSite\",\"@id\":\"https:\\\/\\\/www.fisiohogar.com\\\/bilbao\\\/#website\",\"url\":\"https:\\\/\\\/www.fisiohogar.com\\\/bilbao\\\/\",\"name\":\"Fisioterapeutas en Bilbao\",\"description\":\"Fisioterapia a domicilio en Bilbao\",\"potentialAction\":[{\"@type\":\"SearchAction\",\"target\":{\"@type\":\"EntryPoint\",\"urlTemplate\":\"https:\\\/\\\/www.fisiohogar.com\\\/bilbao\\\/?s={search_term_string}\"},\"query-input\":{\"@type\":\"PropertyValueSpecification\",\"valueRequired\":true,\"valueName\":\"search_term_string\"}}],\"inLanguage\":\"es\"},{\"@type\":\"Person\",\"@id\":\"https:\\\/\\\/www.fisiohogar.com\\\/bilbao\\\/#\\\/schema\\\/person\\\/3f3f456620ffa26cf11be7a1bf1e987f\",\"name\":\"Regina Candel Marcuartu\",\"image\":{\"@type\":\"ImageObject\",\"inLanguage\":\"es\",\"@id\":\"https:\\\/\\\/secure.gravatar.com\\\/avatar\\\/e68bc4fbd376d46796f4b23ff5fa423dc2aa71e1529b2ea11943a2162b152fef?s=96&d=mm&r=g\",\"url\":\"https:\\\/\\\/secure.gravatar.com\\\/avatar\\\/e68bc4fbd376d46796f4b23ff5fa423dc2aa71e1529b2ea11943a2162b152fef?s=96&d=mm&r=g\",\"contentUrl\":\"https:\\\/\\\/secure.gravatar.com\\\/avatar\\\/e68bc4fbd376d46796f4b23ff5fa423dc2aa71e1529b2ea11943a2162b152fef?s=96&d=mm&r=g\",\"caption\":\"Regina Candel Marcuartu\"},\"description\":\"Colegiada n\u00ba 3043 Graduada en Fisioterapia por la Universidad de M\u00e1laga\",\"url\":\"https:\\\/\\\/www.fisiohogar.com\\\/bilbao\\\/author\\\/regina\\\/\"}]}<\/script>\n<!-- \/ Yoast SEO plugin. -->","yoast_head_json":{"title":"Dos d\u00edas de fisioterapia a domicilio en Bilbao - Fisioterapeutas en Bilbao","description":"Sigue las andanzas de nuestros fisioterapeutas a domicilio por Bilbao. En este art\u00edculo te hablamos de un d\u00eda cualquiera en nuestro trabajo.","robots":{"index":"index","follow":"follow","max-snippet":"max-snippet:-1","max-image-preview":"max-image-preview:large","max-video-preview":"max-video-preview:-1"},"canonical":"https:\/\/www.fisiohogar.com\/bilbao\/es\/dos-dias-de-fisioterapia-a-domicilio-en-bilbao\/","og_locale":"es_ES","og_type":"article","og_title":"Dos d\u00edas de fisioterapia a domicilio en Bilbao - Fisioterapeutas en Bilbao","og_description":"Sigue las andanzas de nuestros fisioterapeutas a domicilio por Bilbao. En este art\u00edculo te hablamos de un d\u00eda cualquiera en nuestro trabajo.","og_url":"https:\/\/www.fisiohogar.com\/bilbao\/es\/dos-dias-de-fisioterapia-a-domicilio-en-bilbao\/","og_site_name":"Fisioterapeutas en Bilbao","article_published_time":"2018-12-05T17:51:32+00:00","article_modified_time":"2023-03-06T15:54:27+00:00","og_image":[{"width":1024,"height":768,"url":"https:\/\/www.fisiohogar.com\/bilbao\/wp-content\/uploads\/sites\/3\/2017\/05\/20170421_123919_RichtoneHDR-1024x768.jpg","type":"image\/jpeg"}],"author":"Regina Candel Marcuartu","twitter_card":"summary_large_image","twitter_misc":{"Escrito por":"Regina Candel Marcuartu","Tiempo de lectura":"5 minutos"},"schema":{"@context":"https:\/\/schema.org","@graph":[{"@type":"Article","@id":"https:\/\/www.fisiohogar.com\/bilbao\/es\/dos-dias-de-fisioterapia-a-domicilio-en-bilbao\/#article","isPartOf":{"@id":"https:\/\/www.fisiohogar.com\/bilbao\/es\/dos-dias-de-fisioterapia-a-domicilio-en-bilbao\/"},"author":{"name":"Regina Candel Marcuartu","@id":"https:\/\/www.fisiohogar.com\/bilbao\/#\/schema\/person\/3f3f456620ffa26cf11be7a1bf1e987f"},"headline":"Dos d\u00edas de fisioterapia a domicilio en Bilbao","datePublished":"2018-12-05T17:51:32+00:00","dateModified":"2023-03-06T15:54:27+00:00","mainEntityOfPage":{"@id":"https:\/\/www.fisiohogar.com\/bilbao\/es\/dos-dias-de-fisioterapia-a-domicilio-en-bilbao\/"},"wordCount":1023,"commentCount":0,"image":{"@id":"https:\/\/www.fisiohogar.com\/bilbao\/es\/dos-dias-de-fisioterapia-a-domicilio-en-bilbao\/#primaryimage"},"thumbnailUrl":"https:\/\/www.fisiohogar.com\/bilbao\/wp-content\/uploads\/sites\/3\/2017\/05\/20170421_123919_RichtoneHDR.jpg","articleSection":["Fisioterapia a domicilio"],"inLanguage":"es","potentialAction":[{"@type":"CommentAction","name":"Comment","target":["https:\/\/www.fisiohogar.com\/bilbao\/es\/dos-dias-de-fisioterapia-a-domicilio-en-bilbao\/#respond"]}]},{"@type":"WebPage","@id":"https:\/\/www.fisiohogar.com\/bilbao\/es\/dos-dias-de-fisioterapia-a-domicilio-en-bilbao\/","url":"https:\/\/www.fisiohogar.com\/bilbao\/es\/dos-dias-de-fisioterapia-a-domicilio-en-bilbao\/","name":"Dos d\u00edas de fisioterapia a domicilio en Bilbao - Fisioterapeutas en Bilbao","isPartOf":{"@id":"https:\/\/www.fisiohogar.com\/bilbao\/#website"},"primaryImageOfPage":{"@id":"https:\/\/www.fisiohogar.com\/bilbao\/es\/dos-dias-de-fisioterapia-a-domicilio-en-bilbao\/#primaryimage"},"image":{"@id":"https:\/\/www.fisiohogar.com\/bilbao\/es\/dos-dias-de-fisioterapia-a-domicilio-en-bilbao\/#primaryimage"},"thumbnailUrl":"https:\/\/www.fisiohogar.com\/bilbao\/wp-content\/uploads\/sites\/3\/2017\/05\/20170421_123919_RichtoneHDR.jpg","datePublished":"2018-12-05T17:51:32+00:00","dateModified":"2023-03-06T15:54:27+00:00","author":{"@id":"https:\/\/www.fisiohogar.com\/bilbao\/#\/schema\/person\/3f3f456620ffa26cf11be7a1bf1e987f"},"description":"Sigue las andanzas de nuestros fisioterapeutas a domicilio por Bilbao. En este art\u00edculo te hablamos de un d\u00eda cualquiera en nuestro trabajo.","breadcrumb":{"@id":"https:\/\/www.fisiohogar.com\/bilbao\/es\/dos-dias-de-fisioterapia-a-domicilio-en-bilbao\/#breadcrumb"},"inLanguage":"es","potentialAction":[{"@type":"ReadAction","target":["https:\/\/www.fisiohogar.com\/bilbao\/es\/dos-dias-de-fisioterapia-a-domicilio-en-bilbao\/"]}]},{"@type":"ImageObject","inLanguage":"es","@id":"https:\/\/www.fisiohogar.com\/bilbao\/es\/dos-dias-de-fisioterapia-a-domicilio-en-bilbao\/#primaryimage","url":"https:\/\/www.fisiohogar.com\/bilbao\/wp-content\/uploads\/sites\/3\/2017\/05\/20170421_123919_RichtoneHDR.jpg","contentUrl":"https:\/\/www.fisiohogar.com\/bilbao\/wp-content\/uploads\/sites\/3\/2017\/05\/20170421_123919_RichtoneHDR.jpg","width":3264,"height":2448},{"@type":"BreadcrumbList","@id":"https:\/\/www.fisiohogar.com\/bilbao\/es\/dos-dias-de-fisioterapia-a-domicilio-en-bilbao\/#breadcrumb","itemListElement":[{"@type":"ListItem","position":1,"name":"Azala","item":"https:\/\/www.fisiohogar.com\/bilbao\/es\/inicio\/"},{"@type":"ListItem","position":2,"name":"Dos d\u00edas de fisioterapia a domicilio en Bilbao"}]},{"@type":"WebSite","@id":"https:\/\/www.fisiohogar.com\/bilbao\/#website","url":"https:\/\/www.fisiohogar.com\/bilbao\/","name":"Fisioterapeutas en Bilbao","description":"Fisioterapia a domicilio en Bilbao","potentialAction":[{"@type":"SearchAction","target":{"@type":"EntryPoint","urlTemplate":"https:\/\/www.fisiohogar.com\/bilbao\/?s={search_term_string}"},"query-input":{"@type":"PropertyValueSpecification","valueRequired":true,"valueName":"search_term_string"}}],"inLanguage":"es"},{"@type":"Person","@id":"https:\/\/www.fisiohogar.com\/bilbao\/#\/schema\/person\/3f3f456620ffa26cf11be7a1bf1e987f","name":"Regina Candel Marcuartu","image":{"@type":"ImageObject","inLanguage":"es","@id":"https:\/\/secure.gravatar.com\/avatar\/e68bc4fbd376d46796f4b23ff5fa423dc2aa71e1529b2ea11943a2162b152fef?s=96&d=mm&r=g","url":"https:\/\/secure.gravatar.com\/avatar\/e68bc4fbd376d46796f4b23ff5fa423dc2aa71e1529b2ea11943a2162b152fef?s=96&d=mm&r=g","contentUrl":"https:\/\/secure.gravatar.com\/avatar\/e68bc4fbd376d46796f4b23ff5fa423dc2aa71e1529b2ea11943a2162b152fef?s=96&d=mm&r=g","caption":"Regina Candel Marcuartu"},"description":"Colegiada n\u00ba 3043 Graduada en Fisioterapia por la Universidad de M\u00e1laga","url":"https:\/\/www.fisiohogar.com\/bilbao\/author\/regina\/"}]}},"_links":{"self":[{"href":"https:\/\/www.fisiohogar.com\/bilbao\/wp-json\/wp\/v2\/posts\/4982","targetHints":{"allow":["GET"]}}],"collection":[{"href":"https:\/\/www.fisiohogar.com\/bilbao\/wp-json\/wp\/v2\/posts"}],"about":[{"href":"https:\/\/www.fisiohogar.com\/bilbao\/wp-json\/wp\/v2\/types\/post"}],"author":[{"embeddable":true,"href":"https:\/\/www.fisiohogar.com\/bilbao\/wp-json\/wp\/v2\/users\/13"}],"replies":[{"embeddable":true,"href":"https:\/\/www.fisiohogar.com\/bilbao\/wp-json\/wp\/v2\/comments?post=4982"}],"version-history":[{"count":1,"href":"https:\/\/www.fisiohogar.com\/bilbao\/wp-json\/wp\/v2\/posts\/4982\/revisions"}],"predecessor-version":[{"id":5180,"href":"https:\/\/www.fisiohogar.com\/bilbao\/wp-json\/wp\/v2\/posts\/4982\/revisions\/5180"}],"wp:featuredmedia":[{"embeddable":true,"href":"https:\/\/www.fisiohogar.com\/bilbao\/wp-json\/wp\/v2\/media\/896"}],"wp:attachment":[{"href":"https:\/\/www.fisiohogar.com\/bilbao\/wp-json\/wp\/v2\/media?parent=4982"}],"wp:term":[{"taxonomy":"category","embeddable":true,"href":"https:\/\/www.fisiohogar.com\/bilbao\/wp-json\/wp\/v2\/categories?post=4982"},{"taxonomy":"post_tag","embeddable":true,"href":"https:\/\/www.fisiohogar.com\/bilbao\/wp-json\/wp\/v2\/tags?post=4982"}],"curies":[{"name":"wp","href":"https:\/\/api.w.org\/{rel}","templated":true}]}}