{"id":655,"date":"2016-12-29T17:19:50","date_gmt":"2016-12-29T17:19:50","guid":{"rendered":"http:\/\/www.fisiohogar.com\/alicante\/?p=655"},"modified":"2022-09-12T14:18:13","modified_gmt":"2022-09-12T14:18:13","slug":"rehabilitacion-orofacial-fisioterapia","status":"publish","type":"post","link":"https:\/\/www.fisiohogar.com\/alicante\/rehabilitacion-orofacial-fisioterapia\/","title":{"rendered":"Rehabilitaci\u00f3n orofacial en fisioterapia"},"content":{"rendered":"<h1><b>Rehabilitaci\u00f3n Orofacial en Fisioterapia<\/b><\/h1>\n<p><span style=\"font-weight: 400;\">La terapia de regulaci\u00f3n Orofacial es un m\u00e9todo integral, ampliamente utilizado en pacientes adultos y ni\u00f1os con alteraciones sensomotrices y orofaciales.<\/span><\/p>\n<p><span style=\"font-weight: 400;\">El tratamiento est\u00e1 basado en conseguir la disminuci\u00f3n o aumento del tono a nivel facial, intrabucal y garganta, as\u00ed como valorar, diagnosticar, corregir y mejorar la actividad muscular de la zona para rehabilitar las funciones alteradas.<\/span><\/p>\n<h2><b>\u00bfQui\u00e9n puede beneficiarse de este tratamiento?<img decoding=\"async\" class=\"alignright size-medium wp-image-657\" src=\"http:\/\/www.fisiohogar.com\/alicante\/wp-content\/uploads\/sites\/10\/2016\/12\/Dispositivo_de_avance_mandibular_Orthoapnea-300x225.jpg\" alt=\"\" width=\"300\" height=\"225\" srcset=\"https:\/\/www.fisiohogar.com\/alicante\/wp-content\/uploads\/sites\/10\/2016\/12\/Dispositivo_de_avance_mandibular_Orthoapnea-300x225.jpg 300w, https:\/\/www.fisiohogar.com\/alicante\/wp-content\/uploads\/sites\/10\/2016\/12\/Dispositivo_de_avance_mandibular_Orthoapnea-768x576.jpg 768w, https:\/\/www.fisiohogar.com\/alicante\/wp-content\/uploads\/sites\/10\/2016\/12\/Dispositivo_de_avance_mandibular_Orthoapnea-940x705.jpg 940w, https:\/\/www.fisiohogar.com\/alicante\/wp-content\/uploads\/sites\/10\/2016\/12\/Dispositivo_de_avance_mandibular_Orthoapnea-1024x768.jpg 1024w, https:\/\/www.fisiohogar.com\/alicante\/wp-content\/uploads\/sites\/10\/2016\/12\/Dispositivo_de_avance_mandibular_Orthoapnea.jpg 1844w\" sizes=\"(max-width: 300px) 100vw, 300px\" \/><\/b><\/h2>\n<ol>\n<li><span style=\"font-weight: 400;\">Todos los ni\u00f1os con alg\u00fan trastorno de la alimentaci\u00f3n, ya sea problema para comer y\/o para beber.<\/span><\/li>\n<li><span style=\"font-weight: 400;\">Afectados por el s\u00edndrome de Down son unos de los que mayores beneficios pueden encontrar en la terapia, as\u00ed como otro tipo de pacientes con una musculatura con hipoton\u00eda generalizada.<\/span><\/li>\n<li><span style=\"font-weight: 400;\">Ni\u00f1os con alteraciones cong\u00e9nitas en la zona de la boca como fisura palatina, malformaciones y\/o traumatismo faciales, labios leporinos.<\/span><\/li>\n<li><span style=\"font-weight: 400;\">Enfermedades neuromusculares, cong\u00e9nitas o gen\u00e9ticas.<\/span><\/li>\n<li><span style=\"font-weight: 400;\">Ni\u00f1os prematuros de riesgo.<\/span><\/li>\n<li><span style=\"font-weight: 400;\">Afectados por par\u00e1lisis cerebral, par\u00e1lisis facial o de Belll, par\u00e1lisis hipoglosa o par\u00e1lisis trig\u00e9mina.<\/span><\/li>\n<li><span style=\"font-weight: 400;\">Pacientes con trastornos de percepci\u00f3n o trastornos sensoriales en las zonas antes comentadas.<\/span><\/li>\n<li><span style=\"font-weight: 400;\">Personas con lesiones perif\u00e9ricas.<\/span><\/li>\n<li><span style=\"font-weight: 400;\">Otros pacientes neurol\u00f3gicos con alteraciones orofaciales.<\/span><\/li>\n<\/ol>\n<h2><b>\u00bfC\u00f3mo puede ayudarme la terapia de regulaci\u00f3n orofacial?<\/b><\/h2>\n<ol>\n<li><span style=\"font-weight: 400;\">La finalidad de la terapia es conseguir una regulaci\u00f3n \u00f3ptima de las funciones orofaciales, es decir, la sensibilidad, la presi\u00f3n intraoral, la succi\u00f3n, mascaci\u00f3n, masticaci\u00f3n, degluci\u00f3n y la alimentaci\u00f3n.<\/span><\/li>\n<li><span style=\"font-weight: 400;\">La aplicaci\u00f3n de la terapia favorece las posibilidades de comunicaci\u00f3n del paciente en caso de estar alterada. Ya que la afectaci\u00f3n de los m\u00fasculos faciales o un trastorno de los \u00f3rganos fonatorios pueden provocar una disartria, que es la dificultad para articular sonidos o palabras, el trabajo conjunto con un logopeda puede ayudar a rehabilitar la disartria.<\/span><\/li>\n<li><span style=\"font-weight: 400;\">Otro objetivo principal de la terapia es aprender a controlar la postura y los movimientos involuntarios.<\/span><\/li>\n<li><span style=\"font-weight: 400;\">La terapia de regulaci\u00f3n Orofacial ayuda a adaptar el tono muscular corporal a la funci\u00f3n requerida para que \u00e9ste no sea un problema.<img decoding=\"async\" class=\"alignright size-medium wp-image-658\" src=\"http:\/\/www.fisiohogar.com\/alicante\/wp-content\/uploads\/sites\/10\/2016\/12\/Mandibulalateral-300x158.jpg\" alt=\"\" width=\"300\" height=\"158\" srcset=\"https:\/\/www.fisiohogar.com\/alicante\/wp-content\/uploads\/sites\/10\/2016\/12\/Mandibulalateral-300x158.jpg 300w, https:\/\/www.fisiohogar.com\/alicante\/wp-content\/uploads\/sites\/10\/2016\/12\/Mandibulalateral.jpg 562w\" sizes=\"(max-width: 300px) 100vw, 300px\" \/><\/span><\/li>\n<li><span style=\"font-weight: 400;\">Si la sensibilidad en cara o boca est\u00e1 alterada la terapia puede ayudarte a disminuirla o aumentarla.<\/span><\/li>\n<li><span style=\"font-weight: 400;\">La terapia es esencial para pacientes con problemas respiratorios, ya que mejora el proceso de la respiraci\u00f3n y previene o reduce las aspiraciones.<\/span><\/li>\n<li><span style=\"font-weight: 400;\">La rehabilitaci\u00f3n de los m\u00fasculos de la m\u00edmica tambi\u00e9n es esencial para la comunicaci\u00f3n gestual y la expresividad de la cara, ya que ayudan a exteriorizar las emociones \u00a0y las funciones mentales.<\/span><\/li>\n<li><span style=\"font-weight: 400;\">Reducir la saliva y el babeo es uno de los objetivos principales para familiares y afectados que lo padecen. El exceso de salivaciones tratable, ya que puede ser culpa de un exceso de la producci\u00f3n de saliva, la dificultad de retenci\u00f3n dentro de la boca, por una alteraci\u00f3n de la degluci\u00f3n o por una combinaci\u00f3n de las anteriores.\u00a0<\/span><\/li>\n<li><span style=\"font-weight: 400;\">Tambi\u00e9n son sensibles a este tratamiento las alteraciones derivadas de la articulaci\u00f3n temporomandibular o ATM, ya sea por mala oclusi\u00f3n, rigidez articular, hiperlaxitud articular, asimetr\u00eda en cierre o apertura de la boca, etc.<\/span><\/li>\n<\/ol>\n","protected":false},"excerpt":{"rendered":"<p>Rehabilitaci\u00f3n Orofacial en Fisioterapia La terapia de regulaci\u00f3n Orofacial es un m\u00e9todo integral, ampliamente utilizado en pacientes adultos y ni\u00f1os con alteraciones sensomotrices y orofaciales. El tratamiento est\u00e1 basado en conseguir la disminuci\u00f3n o  [&#8230;]<\/p>\n","protected":false},"author":1,"featured_media":659,"comment_status":"open","ping_status":"closed","sticky":false,"template":"","format":"standard","meta":{"_joinchat":[],"footnotes":""},"categories":[13],"tags":[],"class_list":["post-655","post","type-post","status-publish","format-standard","has-post-thumbnail","hentry","category-dolores-articulares-y-musculares"],"yoast_head":"<!-- This site is optimized with the Yoast SEO plugin v27.4 - https:\/\/yoast.com\/product\/yoast-seo-wordpress\/ -->\n<title>Rehabilitaci\u00f3n orofacial en fisioterapia<\/title>\n<meta name=\"description\" content=\"\u00bfPara que sirve el trabajo de rehabilitaci\u00f3n orofacial? \u00bfQu\u00e9 pacientes se pueden beneficiar del mismo?\u00bfqu\u00e9 tipo de patolog\u00edas se tratan?\" \/>\n<meta name=\"robots\" content=\"index, follow, max-snippet:-1, max-image-preview:large, max-video-preview:-1\" \/>\n<link rel=\"canonical\" href=\"https:\/\/www.fisiohogar.com\/alicante\/rehabilitacion-orofacial-fisioterapia\/\" \/>\n<meta property=\"og:locale\" content=\"es_ES\" \/>\n<meta property=\"og:type\" content=\"article\" \/>\n<meta property=\"og:title\" content=\"Rehabilitaci\u00f3n orofacial en fisioterapia\" \/>\n<meta property=\"og:description\" content=\"\u00bfPara que sirve el trabajo de rehabilitaci\u00f3n orofacial? \u00bfQu\u00e9 pacientes se pueden beneficiar del mismo?\u00bfqu\u00e9 tipo de patolog\u00edas se tratan?\" \/>\n<meta property=\"og:url\" content=\"https:\/\/www.fisiohogar.com\/alicante\/rehabilitacion-orofacial-fisioterapia\/\" \/>\n<meta property=\"og:site_name\" content=\"Alicante\" \/>\n<meta property=\"article:published_time\" content=\"2016-12-29T17:19:50+00:00\" \/>\n<meta property=\"article:modified_time\" content=\"2022-09-12T14:18:13+00:00\" \/>\n<meta property=\"og:image\" content=\"https:\/\/www.fisiohogar.com\/alicante\/wp-content\/uploads\/sites\/10\/2016\/12\/atm3.jpg\" \/>\n\t<meta property=\"og:image:width\" content=\"1280\" \/>\n\t<meta property=\"og:image:height\" content=\"720\" \/>\n\t<meta property=\"og:image:type\" content=\"image\/jpeg\" \/>\n<meta name=\"author\" content=\"Pablo Herrera Jim\u00e9nez\" \/>\n<meta name=\"twitter:card\" content=\"summary_large_image\" \/>\n<meta name=\"twitter:label1\" content=\"Escrito por\" \/>\n\t<meta name=\"twitter:data1\" content=\"Pablo Herrera Jim\u00e9nez\" \/>\n\t<meta name=\"twitter:label2\" content=\"Tiempo de lectura\" \/>\n\t<meta name=\"twitter:data2\" content=\"3 minutos\" \/>\n<script type=\"application\/ld+json\" class=\"yoast-schema-graph\">{\"@context\":\"https:\\\/\\\/schema.org\",\"@graph\":[{\"@type\":\"Article\",\"@id\":\"https:\\\/\\\/www.fisiohogar.com\\\/alicante\\\/rehabilitacion-orofacial-fisioterapia\\\/#article\",\"isPartOf\":{\"@id\":\"https:\\\/\\\/www.fisiohogar.com\\\/alicante\\\/rehabilitacion-orofacial-fisioterapia\\\/\"},\"author\":{\"name\":\"Pablo Herrera Jim\u00e9nez\",\"@id\":\"https:\\\/\\\/www.fisiohogar.com\\\/alicante\\\/es\\\/fisioterapia-domicilio-alicante\\\/#\\\/schema\\\/person\\\/a509a45c4f66009466569e2e9b7f4d28\"},\"headline\":\"Rehabilitaci\u00f3n orofacial en fisioterapia\",\"datePublished\":\"2016-12-29T17:19:50+00:00\",\"dateModified\":\"2022-09-12T14:18:13+00:00\",\"mainEntityOfPage\":{\"@id\":\"https:\\\/\\\/www.fisiohogar.com\\\/alicante\\\/rehabilitacion-orofacial-fisioterapia\\\/\"},\"wordCount\":536,\"commentCount\":0,\"image\":{\"@id\":\"https:\\\/\\\/www.fisiohogar.com\\\/alicante\\\/rehabilitacion-orofacial-fisioterapia\\\/#primaryimage\"},\"thumbnailUrl\":\"https:\\\/\\\/www.fisiohogar.com\\\/alicante\\\/wp-content\\\/uploads\\\/sites\\\/10\\\/2016\\\/12\\\/atm3.jpg\",\"articleSection\":[\"Dolores articulares y musculares\"],\"inLanguage\":\"es\",\"potentialAction\":[{\"@type\":\"CommentAction\",\"name\":\"Comment\",\"target\":[\"https:\\\/\\\/www.fisiohogar.com\\\/alicante\\\/rehabilitacion-orofacial-fisioterapia\\\/#respond\"]}]},{\"@type\":\"WebPage\",\"@id\":\"https:\\\/\\\/www.fisiohogar.com\\\/alicante\\\/rehabilitacion-orofacial-fisioterapia\\\/\",\"url\":\"https:\\\/\\\/www.fisiohogar.com\\\/alicante\\\/rehabilitacion-orofacial-fisioterapia\\\/\",\"name\":\"Rehabilitaci\u00f3n orofacial en fisioterapia\",\"isPartOf\":{\"@id\":\"https:\\\/\\\/www.fisiohogar.com\\\/alicante\\\/es\\\/fisioterapia-domicilio-alicante\\\/#website\"},\"primaryImageOfPage\":{\"@id\":\"https:\\\/\\\/www.fisiohogar.com\\\/alicante\\\/rehabilitacion-orofacial-fisioterapia\\\/#primaryimage\"},\"image\":{\"@id\":\"https:\\\/\\\/www.fisiohogar.com\\\/alicante\\\/rehabilitacion-orofacial-fisioterapia\\\/#primaryimage\"},\"thumbnailUrl\":\"https:\\\/\\\/www.fisiohogar.com\\\/alicante\\\/wp-content\\\/uploads\\\/sites\\\/10\\\/2016\\\/12\\\/atm3.jpg\",\"datePublished\":\"2016-12-29T17:19:50+00:00\",\"dateModified\":\"2022-09-12T14:18:13+00:00\",\"author\":{\"@id\":\"https:\\\/\\\/www.fisiohogar.com\\\/alicante\\\/es\\\/fisioterapia-domicilio-alicante\\\/#\\\/schema\\\/person\\\/a509a45c4f66009466569e2e9b7f4d28\"},\"description\":\"\u00bfPara que sirve el trabajo de rehabilitaci\u00f3n orofacial? \u00bfQu\u00e9 pacientes se pueden beneficiar del mismo?\u00bfqu\u00e9 tipo de patolog\u00edas se tratan?\",\"breadcrumb\":{\"@id\":\"https:\\\/\\\/www.fisiohogar.com\\\/alicante\\\/rehabilitacion-orofacial-fisioterapia\\\/#breadcrumb\"},\"inLanguage\":\"es\",\"potentialAction\":[{\"@type\":\"ReadAction\",\"target\":[\"https:\\\/\\\/www.fisiohogar.com\\\/alicante\\\/rehabilitacion-orofacial-fisioterapia\\\/\"]}]},{\"@type\":\"ImageObject\",\"inLanguage\":\"es\",\"@id\":\"https:\\\/\\\/www.fisiohogar.com\\\/alicante\\\/rehabilitacion-orofacial-fisioterapia\\\/#primaryimage\",\"url\":\"https:\\\/\\\/www.fisiohogar.com\\\/alicante\\\/wp-content\\\/uploads\\\/sites\\\/10\\\/2016\\\/12\\\/atm3.jpg\",\"contentUrl\":\"https:\\\/\\\/www.fisiohogar.com\\\/alicante\\\/wp-content\\\/uploads\\\/sites\\\/10\\\/2016\\\/12\\\/atm3.jpg\",\"width\":1280,\"height\":720},{\"@type\":\"BreadcrumbList\",\"@id\":\"https:\\\/\\\/www.fisiohogar.com\\\/alicante\\\/rehabilitacion-orofacial-fisioterapia\\\/#breadcrumb\",\"itemListElement\":[{\"@type\":\"ListItem\",\"position\":1,\"name\":\"Portada\",\"item\":\"https:\\\/\\\/www.fisiohogar.com\\\/alicante\\\/\"},{\"@type\":\"ListItem\",\"position\":2,\"name\":\"Rehabilitaci\u00f3n orofacial en fisioterapia\"}]},{\"@type\":\"WebSite\",\"@id\":\"https:\\\/\\\/www.fisiohogar.com\\\/alicante\\\/es\\\/fisioterapia-domicilio-alicante\\\/#website\",\"url\":\"https:\\\/\\\/www.fisiohogar.com\\\/alicante\\\/es\\\/fisioterapia-domicilio-alicante\\\/\",\"name\":\"Alicante\",\"description\":\"Fisioterapia a domicilio en Alicante\",\"potentialAction\":[{\"@type\":\"SearchAction\",\"target\":{\"@type\":\"EntryPoint\",\"urlTemplate\":\"https:\\\/\\\/www.fisiohogar.com\\\/alicante\\\/es\\\/fisioterapia-domicilio-alicante\\\/?s={search_term_string}\"},\"query-input\":{\"@type\":\"PropertyValueSpecification\",\"valueRequired\":true,\"valueName\":\"search_term_string\"}}],\"inLanguage\":\"es\"},{\"@type\":\"Person\",\"@id\":\"https:\\\/\\\/www.fisiohogar.com\\\/alicante\\\/es\\\/fisioterapia-domicilio-alicante\\\/#\\\/schema\\\/person\\\/a509a45c4f66009466569e2e9b7f4d28\",\"name\":\"Pablo Herrera Jim\u00e9nez\",\"image\":{\"@type\":\"ImageObject\",\"inLanguage\":\"es\",\"@id\":\"https:\\\/\\\/secure.gravatar.com\\\/avatar\\\/5e480b6f7fc4ed969317eb7170796c1002ba227115e9b0756ecc05394d63e73c?s=96&d=mm&r=g\",\"url\":\"https:\\\/\\\/secure.gravatar.com\\\/avatar\\\/5e480b6f7fc4ed969317eb7170796c1002ba227115e9b0756ecc05394d63e73c?s=96&d=mm&r=g\",\"contentUrl\":\"https:\\\/\\\/secure.gravatar.com\\\/avatar\\\/5e480b6f7fc4ed969317eb7170796c1002ba227115e9b0756ecc05394d63e73c?s=96&d=mm&r=g\",\"caption\":\"Pablo Herrera Jim\u00e9nez\"},\"description\":\"Colegiado n\u00ba 3.147 Fisioterapeuta y licenciado en Ciencias de la Actividad F\u00edsica y el Deporte por la Universidad Europea de Madrid. Vicedecano del Colegio de fisioterapeutas de la Comunidad de Madrid.\",\"sameAs\":[\"https:\\\/\\\/www.fisiohogar.com\"],\"url\":\"https:\\\/\\\/www.fisiohogar.com\\\/alicante\\\/author\\\/fisioterapeuta-pablo-herrera-jimenez\\\/\"}]}<\/script>\n<!-- \/ Yoast SEO plugin. -->","yoast_head_json":{"title":"Rehabilitaci\u00f3n orofacial en fisioterapia","description":"\u00bfPara que sirve el trabajo de rehabilitaci\u00f3n orofacial? \u00bfQu\u00e9 pacientes se pueden beneficiar del mismo?\u00bfqu\u00e9 tipo de patolog\u00edas se tratan?","robots":{"index":"index","follow":"follow","max-snippet":"max-snippet:-1","max-image-preview":"max-image-preview:large","max-video-preview":"max-video-preview:-1"},"canonical":"https:\/\/www.fisiohogar.com\/alicante\/rehabilitacion-orofacial-fisioterapia\/","og_locale":"es_ES","og_type":"article","og_title":"Rehabilitaci\u00f3n orofacial en fisioterapia","og_description":"\u00bfPara que sirve el trabajo de rehabilitaci\u00f3n orofacial? \u00bfQu\u00e9 pacientes se pueden beneficiar del mismo?\u00bfqu\u00e9 tipo de patolog\u00edas se tratan?","og_url":"https:\/\/www.fisiohogar.com\/alicante\/rehabilitacion-orofacial-fisioterapia\/","og_site_name":"Alicante","article_published_time":"2016-12-29T17:19:50+00:00","article_modified_time":"2022-09-12T14:18:13+00:00","og_image":[{"width":1280,"height":720,"url":"https:\/\/www.fisiohogar.com\/alicante\/wp-content\/uploads\/sites\/10\/2016\/12\/atm3.jpg","type":"image\/jpeg"}],"author":"Pablo Herrera Jim\u00e9nez","twitter_card":"summary_large_image","twitter_misc":{"Escrito por":"Pablo Herrera Jim\u00e9nez","Tiempo de lectura":"3 minutos"},"schema":{"@context":"https:\/\/schema.org","@graph":[{"@type":"Article","@id":"https:\/\/www.fisiohogar.com\/alicante\/rehabilitacion-orofacial-fisioterapia\/#article","isPartOf":{"@id":"https:\/\/www.fisiohogar.com\/alicante\/rehabilitacion-orofacial-fisioterapia\/"},"author":{"name":"Pablo Herrera Jim\u00e9nez","@id":"https:\/\/www.fisiohogar.com\/alicante\/es\/fisioterapia-domicilio-alicante\/#\/schema\/person\/a509a45c4f66009466569e2e9b7f4d28"},"headline":"Rehabilitaci\u00f3n orofacial en fisioterapia","datePublished":"2016-12-29T17:19:50+00:00","dateModified":"2022-09-12T14:18:13+00:00","mainEntityOfPage":{"@id":"https:\/\/www.fisiohogar.com\/alicante\/rehabilitacion-orofacial-fisioterapia\/"},"wordCount":536,"commentCount":0,"image":{"@id":"https:\/\/www.fisiohogar.com\/alicante\/rehabilitacion-orofacial-fisioterapia\/#primaryimage"},"thumbnailUrl":"https:\/\/www.fisiohogar.com\/alicante\/wp-content\/uploads\/sites\/10\/2016\/12\/atm3.jpg","articleSection":["Dolores articulares y musculares"],"inLanguage":"es","potentialAction":[{"@type":"CommentAction","name":"Comment","target":["https:\/\/www.fisiohogar.com\/alicante\/rehabilitacion-orofacial-fisioterapia\/#respond"]}]},{"@type":"WebPage","@id":"https:\/\/www.fisiohogar.com\/alicante\/rehabilitacion-orofacial-fisioterapia\/","url":"https:\/\/www.fisiohogar.com\/alicante\/rehabilitacion-orofacial-fisioterapia\/","name":"Rehabilitaci\u00f3n orofacial en fisioterapia","isPartOf":{"@id":"https:\/\/www.fisiohogar.com\/alicante\/es\/fisioterapia-domicilio-alicante\/#website"},"primaryImageOfPage":{"@id":"https:\/\/www.fisiohogar.com\/alicante\/rehabilitacion-orofacial-fisioterapia\/#primaryimage"},"image":{"@id":"https:\/\/www.fisiohogar.com\/alicante\/rehabilitacion-orofacial-fisioterapia\/#primaryimage"},"thumbnailUrl":"https:\/\/www.fisiohogar.com\/alicante\/wp-content\/uploads\/sites\/10\/2016\/12\/atm3.jpg","datePublished":"2016-12-29T17:19:50+00:00","dateModified":"2022-09-12T14:18:13+00:00","author":{"@id":"https:\/\/www.fisiohogar.com\/alicante\/es\/fisioterapia-domicilio-alicante\/#\/schema\/person\/a509a45c4f66009466569e2e9b7f4d28"},"description":"\u00bfPara que sirve el trabajo de rehabilitaci\u00f3n orofacial? \u00bfQu\u00e9 pacientes se pueden beneficiar del mismo?\u00bfqu\u00e9 tipo de patolog\u00edas se tratan?","breadcrumb":{"@id":"https:\/\/www.fisiohogar.com\/alicante\/rehabilitacion-orofacial-fisioterapia\/#breadcrumb"},"inLanguage":"es","potentialAction":[{"@type":"ReadAction","target":["https:\/\/www.fisiohogar.com\/alicante\/rehabilitacion-orofacial-fisioterapia\/"]}]},{"@type":"ImageObject","inLanguage":"es","@id":"https:\/\/www.fisiohogar.com\/alicante\/rehabilitacion-orofacial-fisioterapia\/#primaryimage","url":"https:\/\/www.fisiohogar.com\/alicante\/wp-content\/uploads\/sites\/10\/2016\/12\/atm3.jpg","contentUrl":"https:\/\/www.fisiohogar.com\/alicante\/wp-content\/uploads\/sites\/10\/2016\/12\/atm3.jpg","width":1280,"height":720},{"@type":"BreadcrumbList","@id":"https:\/\/www.fisiohogar.com\/alicante\/rehabilitacion-orofacial-fisioterapia\/#breadcrumb","itemListElement":[{"@type":"ListItem","position":1,"name":"Portada","item":"https:\/\/www.fisiohogar.com\/alicante\/"},{"@type":"ListItem","position":2,"name":"Rehabilitaci\u00f3n orofacial en fisioterapia"}]},{"@type":"WebSite","@id":"https:\/\/www.fisiohogar.com\/alicante\/es\/fisioterapia-domicilio-alicante\/#website","url":"https:\/\/www.fisiohogar.com\/alicante\/es\/fisioterapia-domicilio-alicante\/","name":"Alicante","description":"Fisioterapia a domicilio en Alicante","potentialAction":[{"@type":"SearchAction","target":{"@type":"EntryPoint","urlTemplate":"https:\/\/www.fisiohogar.com\/alicante\/es\/fisioterapia-domicilio-alicante\/?s={search_term_string}"},"query-input":{"@type":"PropertyValueSpecification","valueRequired":true,"valueName":"search_term_string"}}],"inLanguage":"es"},{"@type":"Person","@id":"https:\/\/www.fisiohogar.com\/alicante\/es\/fisioterapia-domicilio-alicante\/#\/schema\/person\/a509a45c4f66009466569e2e9b7f4d28","name":"Pablo Herrera Jim\u00e9nez","image":{"@type":"ImageObject","inLanguage":"es","@id":"https:\/\/secure.gravatar.com\/avatar\/5e480b6f7fc4ed969317eb7170796c1002ba227115e9b0756ecc05394d63e73c?s=96&d=mm&r=g","url":"https:\/\/secure.gravatar.com\/avatar\/5e480b6f7fc4ed969317eb7170796c1002ba227115e9b0756ecc05394d63e73c?s=96&d=mm&r=g","contentUrl":"https:\/\/secure.gravatar.com\/avatar\/5e480b6f7fc4ed969317eb7170796c1002ba227115e9b0756ecc05394d63e73c?s=96&d=mm&r=g","caption":"Pablo Herrera Jim\u00e9nez"},"description":"Colegiado n\u00ba 3.147 Fisioterapeuta y licenciado en Ciencias de la Actividad F\u00edsica y el Deporte por la Universidad Europea de Madrid. Vicedecano del Colegio de fisioterapeutas de la Comunidad de Madrid.","sameAs":["https:\/\/www.fisiohogar.com"],"url":"https:\/\/www.fisiohogar.com\/alicante\/author\/fisioterapeuta-pablo-herrera-jimenez\/"}]}},"_links":{"self":[{"href":"https:\/\/www.fisiohogar.com\/alicante\/wp-json\/wp\/v2\/posts\/655","targetHints":{"allow":["GET"]}}],"collection":[{"href":"https:\/\/www.fisiohogar.com\/alicante\/wp-json\/wp\/v2\/posts"}],"about":[{"href":"https:\/\/www.fisiohogar.com\/alicante\/wp-json\/wp\/v2\/types\/post"}],"author":[{"embeddable":true,"href":"https:\/\/www.fisiohogar.com\/alicante\/wp-json\/wp\/v2\/users\/1"}],"replies":[{"embeddable":true,"href":"https:\/\/www.fisiohogar.com\/alicante\/wp-json\/wp\/v2\/comments?post=655"}],"version-history":[{"count":2,"href":"https:\/\/www.fisiohogar.com\/alicante\/wp-json\/wp\/v2\/posts\/655\/revisions"}],"predecessor-version":[{"id":4935,"href":"https:\/\/www.fisiohogar.com\/alicante\/wp-json\/wp\/v2\/posts\/655\/revisions\/4935"}],"wp:featuredmedia":[{"embeddable":true,"href":"https:\/\/www.fisiohogar.com\/alicante\/wp-json\/wp\/v2\/media\/659"}],"wp:attachment":[{"href":"https:\/\/www.fisiohogar.com\/alicante\/wp-json\/wp\/v2\/media?parent=655"}],"wp:term":[{"taxonomy":"category","embeddable":true,"href":"https:\/\/www.fisiohogar.com\/alicante\/wp-json\/wp\/v2\/categories?post=655"},{"taxonomy":"post_tag","embeddable":true,"href":"https:\/\/www.fisiohogar.com\/alicante\/wp-json\/wp\/v2\/tags?post=655"}],"curies":[{"name":"wp","href":"https:\/\/api.w.org\/{rel}","templated":true}]}}