{"id":250,"date":"2016-02-01T15:25:10","date_gmt":"2016-02-01T15:25:10","guid":{"rendered":"http:\/\/www.fisiohogar.com\/alcorcon\/?p=250"},"modified":"2023-02-24T20:47:37","modified_gmt":"2023-02-24T20:47:37","slug":"como-cuidar-el-cuello","status":"publish","type":"post","link":"https:\/\/www.fisiohogar.com\/alcorcon\/como-cuidar-el-cuello\/","title":{"rendered":"Como cuidar el cuello"},"content":{"rendered":"<div id=\"contentsContainer\" contenteditable=\"true\">\n<div id=\"contents\">\n<p id=\"E23\"><span id=\"E24\" style=\"color: #000000;\">En el art\u00edculo de hoy queremos contarte <strong><span style=\"color: #003300;\">como cuidar tu cuello<\/span><\/strong> y prevenir la aparici\u00f3n de lesiones.\u00a0<\/span><\/p>\n<p><span id=\"E28\" style=\"color: #000000;\">El cuello es una estructura compleja que a\u00fana un gran dinamismo a la vez que tiene que sostener un armaz\u00f3n de mayor di\u00e1metro que el suyo (la cabeza).<\/span><\/p>\n<p><span id=\"E30\" style=\"color: #000000;\">El sedentarismo de la sociedad actual, el exceso de posturas mantenidas por cuestiones laborales o de ocio, con un cuello est\u00e1tico pero una mirada en movimiento, las preocupaciones, el estr\u00e9s acumulado y tantas y tantas otras razones est\u00e1n provocando una generalizaci\u00f3n de los dolores en esta regi\u00f3n como si de una epidemia se tratase.<\/span><\/p>\n<p><span id=\"E32\" style=\"color: #000000;\">Es dif\u00edcil conocer a alguien que en alg\u00fan momento de su vida no haya tenido alg\u00fan problema de cuello o s\u00edntomas que podr\u00edan asociarse a ellos.<\/span><\/p>\n<p><span id=\"E34\" style=\"color: #000000;\">Porque \u00e9se es otro problema, la cantidad de s\u00edntomas que pueden relacionarse con las estructuras del cuello y que resultan incre\u00edblemente inc\u00f3modos y llegan a provocar que no podamos desarrollar adecuadamente nuestro d\u00eda a d\u00eda.<\/span><\/p>\n<p><span id=\"E36\" style=\"color: #000000;\">Podemos tener<strong><span style=\"color: #003300;\"> dolores, falta de fuerza y hormigueos de hombro<\/span><\/strong> y brazo cuyo origen puede ser cervical; mareos y v\u00e9rtigos; alteraciones visuales; sensaci\u00f3n de malestar general por la compresi\u00f3n de nervios; problemas para tragar; por supuesto dolores de cabeza (las famosas cefaleas tensionales) y m\u00e1s directamente limitaciones de movilidad del propio cuello y rigidez.<\/span><\/p>\n<p><span id=\"E40\" style=\"color: #000000;\">Por todo ello se vuelve incre\u00edblemente importante protegerlo. Intentar compensar esas sobrecargas que le estamos provocando con cuidados y ejercicios diarios.<\/span><\/p>\n<p><span style=\"color: #000000;\">Por un lado hay que controlar la postura, que sea lo m\u00e1s correcta dentro de lo posible. Sentarnos adecuadamente delante del ordenador con el borde superior de las pantallas a la altura de la mirada, con los brazos reposados para escribir en el teclado y no con los codos en alto lo que obliga a un trabajo permanente est\u00e1tico de m\u00fasculos como el trapecio.<\/span><\/p>\n<div class=\"fusion-fullwidth fullwidth-box fusion-builder-row-1 fusion-flex-container hundred-percent-fullwidth non-hundred-percent-height-scrolling\" style=\"--awb-border-radius-top-left:0px;--awb-border-radius-top-right:0px;--awb-border-radius-bottom-right:0px;--awb-border-radius-bottom-left:0px;--awb-overflow:visible;--awb-flex-wrap:wrap;\" ><div class=\"fusion-builder-row fusion-row fusion-flex-align-items-flex-start fusion-flex-content-wrap\" style=\"width:calc( 100% + 0px ) !important;max-width:calc( 100% + 0px ) !important;margin-left: calc(-0px \/ 2 );margin-right: calc(-0px \/ 2 );\"><div class=\"fusion-layout-column fusion_builder_column fusion-builder-column-0 fusion_builder_column_1_1 1_1 fusion-flex-column fusion-flex-align-self-flex-start fusion-column-no-min-height\" style=\"--awb-bg-size:cover;--awb-width-large:100%;--awb-margin-top-large:0px;--awb-spacing-right-large:0px;--awb-margin-bottom-large:0px;--awb-spacing-left-large:0px;--awb-width-medium:100%;--awb-spacing-right-medium:0px;--awb-spacing-left-medium:0px;--awb-width-small:100%;--awb-spacing-right-small:0px;--awb-spacing-left-small:0px;\"><div class=\"fusion-column-wrapper fusion-flex-justify-content-flex-start fusion-content-layout-column\"><div id=\"attachment_252\" style=\"width: 210px\" class=\"wp-caption alignright\"><img decoding=\"async\" aria-describedby=\"caption-attachment-252\" class=\"wp-image-252 size-medium\" src=\"http:\/\/www.fisiohogar.com\/alcorcon\/wp-content\/uploads\/sites\/6\/2016\/02\/Fotolia_62522800_Subscription_Monthly_M-1-200x300.jpg\" alt=\"\" width=\"200\" height=\"300\" srcset=\"https:\/\/www.fisiohogar.com\/alcorcon\/wp-content\/uploads\/sites\/6\/2016\/02\/Fotolia_62522800_Subscription_Monthly_M-1-200x300.jpg 200w, https:\/\/www.fisiohogar.com\/alcorcon\/wp-content\/uploads\/sites\/6\/2016\/02\/Fotolia_62522800_Subscription_Monthly_M-1-300x450.jpg 300w, https:\/\/www.fisiohogar.com\/alcorcon\/wp-content\/uploads\/sites\/6\/2016\/02\/Fotolia_62522800_Subscription_Monthly_M-1-682x1024.jpg 682w, https:\/\/www.fisiohogar.com\/alcorcon\/wp-content\/uploads\/sites\/6\/2016\/02\/Fotolia_62522800_Subscription_Monthly_M-1-768x1152.jpg 768w, https:\/\/www.fisiohogar.com\/alcorcon\/wp-content\/uploads\/sites\/6\/2016\/02\/Fotolia_62522800_Subscription_Monthly_M-1-940x1410.jpg 940w, https:\/\/www.fisiohogar.com\/alcorcon\/wp-content\/uploads\/sites\/6\/2016\/02\/Fotolia_62522800_Subscription_Monthly_M-1.jpg 1125w\" sizes=\"(max-width: 200px) 100vw, 200px\" \/><p id=\"caption-attachment-252\" class=\"wp-caption-text\">Dolor de cuello por mal uso del tel\u00e9fono<\/p><\/div>\n<p><span id=\"E44\" style=\"color: #000000;\"><strong><span style=\"color: #003300;\">No abusar del m\u00f3vil<\/span><\/strong> o las tablets e intentar colocar estos dispositivos tambi\u00e9n a la altura de la mirada para evitar la actual posici\u00f3n del cuello en flexi\u00f3n, con la mirada hacia abajo, postura que multiplica la carga que debe soportar nuestro cuello, postura que est\u00e1 empezando a convertirse en la imagen de la nueva sociedad tecnol\u00f3gica y que nos impide ver el mundo y experimentar m\u00e1s all\u00e1. Aunque las tecnolog\u00edas avancen, el cuerpo no se adapta tan r\u00e1pidamente y debemos cuidarlo.<\/span><\/p>\n<p><span id=\"E48\" style=\"color: #000000;\">Tambi\u00e9n es importante recordarle al cuello de vez en cuando cu\u00e1l es su rango de movimiento. Cuando llevamos un buen rato en la misma posici\u00f3n y empezamos a sentir molestias, casi todos de manera intuitiva tendemos a mover o estirar el cuello. Y efectivamente, debemos hacerlo. Pero ser\u00eda mejor pautar momentos en los que vamos a mover y estirar y no esperar a que lleguen las molestias.<\/span><\/p>\n<p><span style=\"color: #000000; line-height: 1.5;\">El cuello puede girar a un lado y otro, puede inclinarse llevando la oreja al hombro, puede dirigirse hacia abajo y puede dirigirse hacia arriba. Y por supuesto puede combinar todos estos movimientos generando m\u00faltiples posibilidades. As\u00ed que, de vez en cuando, mueve tu cuello en estas direcciones, lentamente, con cuidado, pero buscando los l\u00edmites y, si quieres, en estos l\u00edmites qu\u00e9date unos segundos, recu\u00e9rdale a tu cuerpo y a tu cerebro cu\u00e1les son todas sus posibilidades de movimiento, recu\u00e9rdale cu\u00e1l es su verdadera capacidad. Mueve y estira. <span style=\"color: #003300;\"><strong>Y SIENTE<\/strong><\/span> c\u00f3mo se mueve, c\u00f3mo cada v\u00e9rtebra se articula para generar ese gesto, s\u00e9 consciente de tu posici\u00f3n y de tu forma, conc\u00e9ntrate para trabajar tambi\u00e9n la tan olvidada conciencia corporal. Percibe qu\u00e9 sucede si llevas la cabeza hacia delante, o hacia atr\u00e1s,\u00a0<\/span><span style=\"color: #000000;\">intenta tragar en esas posiciones, intenta mover los brazos y ver cu\u00e1les son sus nuevos l\u00edmites en relaci\u00f3n a la cabeza. Qu\u00e9 zonas se ponen tensas y cu\u00e1les se relajan. En definitiva, comprende y siente tu cuerpo.<\/span><\/p>\n<\/div>\n<\/div>\n<div id=\"contentsContainer\" contenteditable=\"true\">\n<div id=\"contents\">\n<p id=\"E53\"><span id=\"E54\" style=\"color: #000000;\">Y montones de ejercicios y muchos estiramientos posibles para toda la cantidad de m\u00fasculos que hay. Mima tu cuello, cu\u00eddalo y aprende tambi\u00e9n a saber en qu\u00e9 momento vas a requerir una mano amiga, la de tu fisioterapeuta, para evitar que los problemas se incrementen; para no dejar que evolucione un dolor o un s\u00edntoma, para frenar a tiempo cualquier proceso patol\u00f3gico y revertirlo. <\/span><\/p>\n<p><span id=\"E54\" style=\"color: #000000;\">Detecta cu\u00e1l es tu trabajo y tu rutina para darte cuenta qu\u00e9 prioridad debes dar a la protecci\u00f3n de tu cuerpo. Adel\u00e1ntate al futuro. <strong><span style=\"color: #008000;\">Haz prevenci\u00f3n por ti mismo<\/span><\/strong> y busca la prevenci\u00f3n en los profesionales que pueden ayudarte. Y si el tiempo y el estr\u00e9s son un problema, no te preocupes, <strong><a href=\"http:\/\/www.fisiohogar.com\/alcorcon\/fisioterapia-a-domicilio-en-alcorcon\/\"><span style=\"color: #008000;\">nosotros nos desplazamos<\/span> <\/a><\/strong>donde necesites reduciendo los minutos que requieres para ocuparte de tu bienestar y evitando que seguir un tratamiento sea, adem\u00e1s, un estr\u00e9s a\u00f1adido a vuestra agenda.<\/span><\/p>\n<\/div>\n<\/div>\n<\/div><\/div><\/div><\/div>\n","protected":false},"excerpt":{"rendered":"<p>En el art\u00edculo de hoy queremos contarte como cuidar tu cuello y prevenir la aparici\u00f3n de lesiones.\u00a0 El cuello es una estructura compleja que a\u00fana un gran dinamismo a la vez que tiene que  [&#8230;]<\/p>\n","protected":false},"author":39,"featured_media":251,"comment_status":"open","ping_status":"closed","sticky":false,"template":"","format":"standard","meta":{"_joinchat":[],"footnotes":""},"categories":[5],"tags":[],"class_list":["post-250","post","type-post","status-publish","format-standard","has-post-thumbnail","hentry","category-dolores-articulares-y-musculares"],"yoast_head":"<!-- This site is optimized with the Yoast SEO plugin v27.4 - https:\/\/yoast.com\/product\/yoast-seo-wordpress\/ -->\n<title>\u00bfsabes c\u00f3mo cuidar el cuello?<\/title>\n<meta name=\"description\" content=\"Consejos para cuidar tu cuello y prevenir la aparici\u00f3n de lesiones. Pautas y ejercicios que te ayudar\u00e1n a evitar los molestos dolores cervicales.\u00a0\" \/>\n<meta name=\"robots\" content=\"index, follow, max-snippet:-1, max-image-preview:large, max-video-preview:-1\" \/>\n<link rel=\"canonical\" href=\"https:\/\/www.fisiohogar.com\/alcorcon\/como-cuidar-el-cuello\/\" \/>\n<meta property=\"og:locale\" content=\"es_ES\" \/>\n<meta property=\"og:type\" content=\"article\" \/>\n<meta property=\"og:title\" content=\"\u00bfsabes c\u00f3mo cuidar el cuello?\" \/>\n<meta property=\"og:description\" content=\"Consejos para cuidar tu cuello y prevenir la aparici\u00f3n de lesiones. Pautas y ejercicios que te ayudar\u00e1n a evitar los molestos dolores cervicales.\u00a0\" \/>\n<meta property=\"og:url\" content=\"https:\/\/www.fisiohogar.com\/alcorcon\/como-cuidar-el-cuello\/\" \/>\n<meta property=\"og:site_name\" content=\"Alcorc\u00f3n\" \/>\n<meta property=\"article:published_time\" content=\"2016-02-01T15:25:10+00:00\" \/>\n<meta property=\"article:modified_time\" content=\"2023-02-24T20:47:37+00:00\" \/>\n<meta property=\"og:image\" content=\"https:\/\/www.fisiohogar.com\/alcorcon\/wp-content\/uploads\/sites\/6\/2016\/02\/Fotolia_77101781_Subscription_Monthly_M.jpg\" \/>\n\t<meta property=\"og:image:width\" content=\"1688\" \/>\n\t<meta property=\"og:image:height\" content=\"1125\" \/>\n\t<meta property=\"og:image:type\" content=\"image\/jpeg\" \/>\n<meta name=\"author\" content=\"Cristina D\u00edaz\" \/>\n<meta name=\"twitter:card\" content=\"summary_large_image\" \/>\n<meta name=\"twitter:label1\" content=\"Escrito por\" \/>\n\t<meta name=\"twitter:data1\" content=\"Cristina D\u00edaz\" \/>\n\t<meta name=\"twitter:label2\" content=\"Tiempo de lectura\" \/>\n\t<meta name=\"twitter:data2\" content=\"5 minutos\" \/>\n<script type=\"application\/ld+json\" class=\"yoast-schema-graph\">{\"@context\":\"https:\\\/\\\/schema.org\",\"@graph\":[{\"@type\":\"Article\",\"@id\":\"https:\\\/\\\/www.fisiohogar.com\\\/alcorcon\\\/como-cuidar-el-cuello\\\/#article\",\"isPartOf\":{\"@id\":\"https:\\\/\\\/www.fisiohogar.com\\\/alcorcon\\\/como-cuidar-el-cuello\\\/\"},\"author\":{\"name\":\"Cristina D\u00edaz\",\"@id\":\"https:\\\/\\\/www.fisiohogar.com\\\/alcorcon\\\/#\\\/schema\\\/person\\\/6ab073d8a3e7474031fdd36525262e58\"},\"headline\":\"Como cuidar el cuello\",\"datePublished\":\"2016-02-01T15:25:10+00:00\",\"dateModified\":\"2023-02-24T20:47:37+00:00\",\"mainEntityOfPage\":{\"@id\":\"https:\\\/\\\/www.fisiohogar.com\\\/alcorcon\\\/como-cuidar-el-cuello\\\/\"},\"wordCount\":925,\"commentCount\":0,\"image\":{\"@id\":\"https:\\\/\\\/www.fisiohogar.com\\\/alcorcon\\\/como-cuidar-el-cuello\\\/#primaryimage\"},\"thumbnailUrl\":\"https:\\\/\\\/www.fisiohogar.com\\\/alcorcon\\\/wp-content\\\/uploads\\\/sites\\\/6\\\/2016\\\/02\\\/Fotolia_77101781_Subscription_Monthly_M.jpg\",\"articleSection\":[\"Dolores articulares y musculares\"],\"inLanguage\":\"es\",\"potentialAction\":[{\"@type\":\"CommentAction\",\"name\":\"Comment\",\"target\":[\"https:\\\/\\\/www.fisiohogar.com\\\/alcorcon\\\/como-cuidar-el-cuello\\\/#respond\"]}]},{\"@type\":\"WebPage\",\"@id\":\"https:\\\/\\\/www.fisiohogar.com\\\/alcorcon\\\/como-cuidar-el-cuello\\\/\",\"url\":\"https:\\\/\\\/www.fisiohogar.com\\\/alcorcon\\\/como-cuidar-el-cuello\\\/\",\"name\":\"\u00bfsabes c\u00f3mo cuidar el cuello?\",\"isPartOf\":{\"@id\":\"https:\\\/\\\/www.fisiohogar.com\\\/alcorcon\\\/#website\"},\"primaryImageOfPage\":{\"@id\":\"https:\\\/\\\/www.fisiohogar.com\\\/alcorcon\\\/como-cuidar-el-cuello\\\/#primaryimage\"},\"image\":{\"@id\":\"https:\\\/\\\/www.fisiohogar.com\\\/alcorcon\\\/como-cuidar-el-cuello\\\/#primaryimage\"},\"thumbnailUrl\":\"https:\\\/\\\/www.fisiohogar.com\\\/alcorcon\\\/wp-content\\\/uploads\\\/sites\\\/6\\\/2016\\\/02\\\/Fotolia_77101781_Subscription_Monthly_M.jpg\",\"datePublished\":\"2016-02-01T15:25:10+00:00\",\"dateModified\":\"2023-02-24T20:47:37+00:00\",\"author\":{\"@id\":\"https:\\\/\\\/www.fisiohogar.com\\\/alcorcon\\\/#\\\/schema\\\/person\\\/6ab073d8a3e7474031fdd36525262e58\"},\"description\":\"Consejos para cuidar tu cuello y prevenir la aparici\u00f3n de lesiones. Pautas y ejercicios que te ayudar\u00e1n a evitar los molestos dolores cervicales.\u00a0\",\"breadcrumb\":{\"@id\":\"https:\\\/\\\/www.fisiohogar.com\\\/alcorcon\\\/como-cuidar-el-cuello\\\/#breadcrumb\"},\"inLanguage\":\"es\",\"potentialAction\":[{\"@type\":\"ReadAction\",\"target\":[\"https:\\\/\\\/www.fisiohogar.com\\\/alcorcon\\\/como-cuidar-el-cuello\\\/\"]}]},{\"@type\":\"ImageObject\",\"inLanguage\":\"es\",\"@id\":\"https:\\\/\\\/www.fisiohogar.com\\\/alcorcon\\\/como-cuidar-el-cuello\\\/#primaryimage\",\"url\":\"https:\\\/\\\/www.fisiohogar.com\\\/alcorcon\\\/wp-content\\\/uploads\\\/sites\\\/6\\\/2016\\\/02\\\/Fotolia_77101781_Subscription_Monthly_M.jpg\",\"contentUrl\":\"https:\\\/\\\/www.fisiohogar.com\\\/alcorcon\\\/wp-content\\\/uploads\\\/sites\\\/6\\\/2016\\\/02\\\/Fotolia_77101781_Subscription_Monthly_M.jpg\",\"width\":1688,\"height\":1125,\"caption\":\"Mal uso del tel\u00e9fono\"},{\"@type\":\"BreadcrumbList\",\"@id\":\"https:\\\/\\\/www.fisiohogar.com\\\/alcorcon\\\/como-cuidar-el-cuello\\\/#breadcrumb\",\"itemListElement\":[{\"@type\":\"ListItem\",\"position\":1,\"name\":\"Portada\",\"item\":\"https:\\\/\\\/www.fisiohogar.com\\\/alcorcon\\\/\"},{\"@type\":\"ListItem\",\"position\":2,\"name\":\"Como cuidar el cuello\"}]},{\"@type\":\"WebSite\",\"@id\":\"https:\\\/\\\/www.fisiohogar.com\\\/alcorcon\\\/#website\",\"url\":\"https:\\\/\\\/www.fisiohogar.com\\\/alcorcon\\\/\",\"name\":\"Alcorc\u00f3n\",\"description\":\"Fisioterapia a domicilio en Alcorc\u00f3n\",\"potentialAction\":[{\"@type\":\"SearchAction\",\"target\":{\"@type\":\"EntryPoint\",\"urlTemplate\":\"https:\\\/\\\/www.fisiohogar.com\\\/alcorcon\\\/?s={search_term_string}\"},\"query-input\":{\"@type\":\"PropertyValueSpecification\",\"valueRequired\":true,\"valueName\":\"search_term_string\"}}],\"inLanguage\":\"es\"},{\"@type\":\"Person\",\"@id\":\"https:\\\/\\\/www.fisiohogar.com\\\/alcorcon\\\/#\\\/schema\\\/person\\\/6ab073d8a3e7474031fdd36525262e58\",\"name\":\"Cristina D\u00edaz\",\"image\":{\"@type\":\"ImageObject\",\"inLanguage\":\"es\",\"@id\":\"https:\\\/\\\/secure.gravatar.com\\\/avatar\\\/f23e44a9e73c87f53e0d5354a7b91b5f9de40cbf5a0f09bfd083536f6c5b3d23?s=96&d=mm&r=g\",\"url\":\"https:\\\/\\\/secure.gravatar.com\\\/avatar\\\/f23e44a9e73c87f53e0d5354a7b91b5f9de40cbf5a0f09bfd083536f6c5b3d23?s=96&d=mm&r=g\",\"contentUrl\":\"https:\\\/\\\/secure.gravatar.com\\\/avatar\\\/f23e44a9e73c87f53e0d5354a7b91b5f9de40cbf5a0f09bfd083536f6c5b3d23?s=96&d=mm&r=g\",\"caption\":\"Cristina D\u00edaz\"},\"description\":\"Colegiada n\u00ba 9403 Diplomada en Fisioterapia por la Universidad Rey Juan Carlos\",\"url\":\"https:\\\/\\\/www.fisiohogar.com\\\/alcorcon\\\/author\\\/fisioterapeuta-cristina-diaz\\\/\"}]}<\/script>\n<!-- \/ Yoast SEO plugin. -->","yoast_head_json":{"title":"\u00bfsabes c\u00f3mo cuidar el cuello?","description":"Consejos para cuidar tu cuello y prevenir la aparici\u00f3n de lesiones. Pautas y ejercicios que te ayudar\u00e1n a evitar los molestos dolores cervicales.\u00a0","robots":{"index":"index","follow":"follow","max-snippet":"max-snippet:-1","max-image-preview":"max-image-preview:large","max-video-preview":"max-video-preview:-1"},"canonical":"https:\/\/www.fisiohogar.com\/alcorcon\/como-cuidar-el-cuello\/","og_locale":"es_ES","og_type":"article","og_title":"\u00bfsabes c\u00f3mo cuidar el cuello?","og_description":"Consejos para cuidar tu cuello y prevenir la aparici\u00f3n de lesiones. Pautas y ejercicios que te ayudar\u00e1n a evitar los molestos dolores cervicales.\u00a0","og_url":"https:\/\/www.fisiohogar.com\/alcorcon\/como-cuidar-el-cuello\/","og_site_name":"Alcorc\u00f3n","article_published_time":"2016-02-01T15:25:10+00:00","article_modified_time":"2023-02-24T20:47:37+00:00","og_image":[{"width":1688,"height":1125,"url":"https:\/\/www.fisiohogar.com\/alcorcon\/wp-content\/uploads\/sites\/6\/2016\/02\/Fotolia_77101781_Subscription_Monthly_M.jpg","type":"image\/jpeg"}],"author":"Cristina D\u00edaz","twitter_card":"summary_large_image","twitter_misc":{"Escrito por":"Cristina D\u00edaz","Tiempo de lectura":"5 minutos"},"schema":{"@context":"https:\/\/schema.org","@graph":[{"@type":"Article","@id":"https:\/\/www.fisiohogar.com\/alcorcon\/como-cuidar-el-cuello\/#article","isPartOf":{"@id":"https:\/\/www.fisiohogar.com\/alcorcon\/como-cuidar-el-cuello\/"},"author":{"name":"Cristina D\u00edaz","@id":"https:\/\/www.fisiohogar.com\/alcorcon\/#\/schema\/person\/6ab073d8a3e7474031fdd36525262e58"},"headline":"Como cuidar el cuello","datePublished":"2016-02-01T15:25:10+00:00","dateModified":"2023-02-24T20:47:37+00:00","mainEntityOfPage":{"@id":"https:\/\/www.fisiohogar.com\/alcorcon\/como-cuidar-el-cuello\/"},"wordCount":925,"commentCount":0,"image":{"@id":"https:\/\/www.fisiohogar.com\/alcorcon\/como-cuidar-el-cuello\/#primaryimage"},"thumbnailUrl":"https:\/\/www.fisiohogar.com\/alcorcon\/wp-content\/uploads\/sites\/6\/2016\/02\/Fotolia_77101781_Subscription_Monthly_M.jpg","articleSection":["Dolores articulares y musculares"],"inLanguage":"es","potentialAction":[{"@type":"CommentAction","name":"Comment","target":["https:\/\/www.fisiohogar.com\/alcorcon\/como-cuidar-el-cuello\/#respond"]}]},{"@type":"WebPage","@id":"https:\/\/www.fisiohogar.com\/alcorcon\/como-cuidar-el-cuello\/","url":"https:\/\/www.fisiohogar.com\/alcorcon\/como-cuidar-el-cuello\/","name":"\u00bfsabes c\u00f3mo cuidar el cuello?","isPartOf":{"@id":"https:\/\/www.fisiohogar.com\/alcorcon\/#website"},"primaryImageOfPage":{"@id":"https:\/\/www.fisiohogar.com\/alcorcon\/como-cuidar-el-cuello\/#primaryimage"},"image":{"@id":"https:\/\/www.fisiohogar.com\/alcorcon\/como-cuidar-el-cuello\/#primaryimage"},"thumbnailUrl":"https:\/\/www.fisiohogar.com\/alcorcon\/wp-content\/uploads\/sites\/6\/2016\/02\/Fotolia_77101781_Subscription_Monthly_M.jpg","datePublished":"2016-02-01T15:25:10+00:00","dateModified":"2023-02-24T20:47:37+00:00","author":{"@id":"https:\/\/www.fisiohogar.com\/alcorcon\/#\/schema\/person\/6ab073d8a3e7474031fdd36525262e58"},"description":"Consejos para cuidar tu cuello y prevenir la aparici\u00f3n de lesiones. Pautas y ejercicios que te ayudar\u00e1n a evitar los molestos dolores cervicales.\u00a0","breadcrumb":{"@id":"https:\/\/www.fisiohogar.com\/alcorcon\/como-cuidar-el-cuello\/#breadcrumb"},"inLanguage":"es","potentialAction":[{"@type":"ReadAction","target":["https:\/\/www.fisiohogar.com\/alcorcon\/como-cuidar-el-cuello\/"]}]},{"@type":"ImageObject","inLanguage":"es","@id":"https:\/\/www.fisiohogar.com\/alcorcon\/como-cuidar-el-cuello\/#primaryimage","url":"https:\/\/www.fisiohogar.com\/alcorcon\/wp-content\/uploads\/sites\/6\/2016\/02\/Fotolia_77101781_Subscription_Monthly_M.jpg","contentUrl":"https:\/\/www.fisiohogar.com\/alcorcon\/wp-content\/uploads\/sites\/6\/2016\/02\/Fotolia_77101781_Subscription_Monthly_M.jpg","width":1688,"height":1125,"caption":"Mal uso del tel\u00e9fono"},{"@type":"BreadcrumbList","@id":"https:\/\/www.fisiohogar.com\/alcorcon\/como-cuidar-el-cuello\/#breadcrumb","itemListElement":[{"@type":"ListItem","position":1,"name":"Portada","item":"https:\/\/www.fisiohogar.com\/alcorcon\/"},{"@type":"ListItem","position":2,"name":"Como cuidar el cuello"}]},{"@type":"WebSite","@id":"https:\/\/www.fisiohogar.com\/alcorcon\/#website","url":"https:\/\/www.fisiohogar.com\/alcorcon\/","name":"Alcorc\u00f3n","description":"Fisioterapia a domicilio en Alcorc\u00f3n","potentialAction":[{"@type":"SearchAction","target":{"@type":"EntryPoint","urlTemplate":"https:\/\/www.fisiohogar.com\/alcorcon\/?s={search_term_string}"},"query-input":{"@type":"PropertyValueSpecification","valueRequired":true,"valueName":"search_term_string"}}],"inLanguage":"es"},{"@type":"Person","@id":"https:\/\/www.fisiohogar.com\/alcorcon\/#\/schema\/person\/6ab073d8a3e7474031fdd36525262e58","name":"Cristina D\u00edaz","image":{"@type":"ImageObject","inLanguage":"es","@id":"https:\/\/secure.gravatar.com\/avatar\/f23e44a9e73c87f53e0d5354a7b91b5f9de40cbf5a0f09bfd083536f6c5b3d23?s=96&d=mm&r=g","url":"https:\/\/secure.gravatar.com\/avatar\/f23e44a9e73c87f53e0d5354a7b91b5f9de40cbf5a0f09bfd083536f6c5b3d23?s=96&d=mm&r=g","contentUrl":"https:\/\/secure.gravatar.com\/avatar\/f23e44a9e73c87f53e0d5354a7b91b5f9de40cbf5a0f09bfd083536f6c5b3d23?s=96&d=mm&r=g","caption":"Cristina D\u00edaz"},"description":"Colegiada n\u00ba 9403 Diplomada en Fisioterapia por la Universidad Rey Juan Carlos","url":"https:\/\/www.fisiohogar.com\/alcorcon\/author\/fisioterapeuta-cristina-diaz\/"}]}},"_links":{"self":[{"href":"https:\/\/www.fisiohogar.com\/alcorcon\/wp-json\/wp\/v2\/posts\/250","targetHints":{"allow":["GET"]}}],"collection":[{"href":"https:\/\/www.fisiohogar.com\/alcorcon\/wp-json\/wp\/v2\/posts"}],"about":[{"href":"https:\/\/www.fisiohogar.com\/alcorcon\/wp-json\/wp\/v2\/types\/post"}],"author":[{"embeddable":true,"href":"https:\/\/www.fisiohogar.com\/alcorcon\/wp-json\/wp\/v2\/users\/39"}],"replies":[{"embeddable":true,"href":"https:\/\/www.fisiohogar.com\/alcorcon\/wp-json\/wp\/v2\/comments?post=250"}],"version-history":[{"count":1,"href":"https:\/\/www.fisiohogar.com\/alcorcon\/wp-json\/wp\/v2\/posts\/250\/revisions"}],"predecessor-version":[{"id":5063,"href":"https:\/\/www.fisiohogar.com\/alcorcon\/wp-json\/wp\/v2\/posts\/250\/revisions\/5063"}],"wp:featuredmedia":[{"embeddable":true,"href":"https:\/\/www.fisiohogar.com\/alcorcon\/wp-json\/wp\/v2\/media\/251"}],"wp:attachment":[{"href":"https:\/\/www.fisiohogar.com\/alcorcon\/wp-json\/wp\/v2\/media?parent=250"}],"wp:term":[{"taxonomy":"category","embeddable":true,"href":"https:\/\/www.fisiohogar.com\/alcorcon\/wp-json\/wp\/v2\/categories?post=250"},{"taxonomy":"post_tag","embeddable":true,"href":"https:\/\/www.fisiohogar.com\/alcorcon\/wp-json\/wp\/v2\/tags?post=250"}],"curies":[{"name":"wp","href":"https:\/\/api.w.org\/{rel}","templated":true}]}}